{"id":122421,"date":"2024-11-07T11:29:18","date_gmt":"2024-11-07T14:29:18","guid":{"rendered":"https:\/\/www.actualidadadiario.com\/?p=122421"},"modified":"2024-11-07T11:29:31","modified_gmt":"2024-11-07T14:29:31","slug":"dengue-se-detecto-el-primer-caso-autoctono-en-salta","status":"publish","type":"post","link":"https:\/\/www.actualidadadiario.com\/index.php\/2024\/11\/07\/dengue-se-detecto-el-primer-caso-autoctono-en-salta\/","title":{"rendered":"Dengue: se detect\u00f3 el primer caso aut\u00f3ctono en Salta"},"content":{"rendered":"<p style=\"text-align: center;\"><em><strong>Lo anunci\u00f3 el Ministerio de Salud P\u00fablica de esa provincia y se espera que se confirmen m\u00e1s casos. La persona infectada no presenta antecedentes de viaje y el Gobierno salte\u00f1o ya tiene un plan estrat\u00e9gico<\/strong><\/em><\/p>\n<p>&nbsp;<\/p>\n<p>&nbsp;<\/p>\n<p>Mientras el Gobierno ya se encuentra monitoreando el estado de situaci\u00f3n del dengue a nivel estrat\u00e9gico, se confirm\u00f3 un nuevo caso aut\u00f3ctono de la enfermedad. Este fue detectado en la provincia de Salta, seg\u00fan confirm\u00f3 el Ministerio de Salud P\u00fablica de esa provincia. Se trata de una mujer adulta que comenz\u00f3 con s\u00edntomas a fines de octubre. Ya son m\u00e1s de cinco casos en todo el pa\u00eds.<\/p>\n<p>El dato surge a m\u00e1s de un mes de iniciado el per\u00edodo de vigilancia intensificada y el diagn\u00f3stico fue confirmado por laboratorio. En la provincia ya hay m\u00e1s de 220 casos sospechosos.<\/p>\n<p>&nbsp;<\/p>\n<p><strong>Salta confirm\u00f3 su primer caso de dengue aut\u00f3ctono<\/strong><\/p>\n<p>A m\u00e1s de un mes de iniciado el per\u00edodo de vigilancia intensificada, se confirm\u00f3 el primer caso aut\u00f3ctono de dengue en Salta. La primera paciente es una mujer adulta residente en la ciudad de Salta, sin antecedentes de viaje. Esto implica que el dengue ya est\u00e1 en circulaci\u00f3n y se anticipa la confirmaci\u00f3n de m\u00e1s casos.<\/p>\n<p>La mujer comenz\u00f3 con s\u00edntomas el 30 de octubre e hizo la consulta m\u00e9dica en un servicio privado el 4 de noviembre. El diagn\u00f3stico fue confirmado por laboratorio y la paciente se encuentra en tratamiento ambulatorio.<\/p>\n<p>Frente a la confirmaci\u00f3n, el Ministerio de Salud P\u00fablica realiza la investigaci\u00f3n epidemiol\u00f3gica y las acciones de bloqueo en el domicilio de la persona infectada. El fin es evitar la propagaci\u00f3n de la enfermedad.<\/p>\n<p>Desde el inicio de la vigilancia intensificada, el 29 de septiembre pasado, se han notificado 228 casos sospechosos de dengue, por tratarse de pacientes con s\u00edndrome febril agudo.<\/p>\n<p>&nbsp;<\/p>\n<p><strong>Detectaron el primer caso aut\u00f3ctono de dengue en CABA<\/strong><\/p>\n<p>El Ministerio de Salud de la Naci\u00f3n confirm\u00f3 el primer caso aut\u00f3ctonos de dengue en la Ciudad de Buenos Aires. Este se suma a los contagios de este tipo en Mendoza, C\u00f3rdoba, Tucum\u00e1n y la provincia de Buenos Aires.<\/p>\n<p>El anuncio fue hecho a trav\u00e9s del \u00faltimo Bolet\u00edn Epidemiol\u00f3gico publicado por la cartera dirigida por Mario Lugones. Los casos detectados en el AMBA corresponden al serotipo DEN-1, el de mayor circulaci\u00f3n en el territorio nacional.<\/p>\n<p>&nbsp;<\/p>\n<p><strong>El Gobierno lanz\u00f3 una nueva sala de situaci\u00f3n para el monitoreo de la epidemia<\/strong><\/p>\n<p>De cara a la prevenci\u00f3n contra el Dengue, el Ministerio de Salud de la Naci\u00f3n lanz\u00f3 una sala de situaci\u00f3n destinada a optimizar el seguimiento de la enfermedad en el pa\u00eds. Esta innovaci\u00f3n forma parte del Plan Estrat\u00e9gico de Prevenci\u00f3n y Control de Dengue 2024-2025.<\/p>\n<p>Este plan es en colaboraci\u00f3n con las 24 provincias del pa\u00eds y contar\u00e1 con recursos para el an\u00e1lisis inteligente de datos, apoyando as\u00ed decisiones estrat\u00e9gicas en tiempo real. La herramienta permitir\u00e1 a los equipos de salud provinciales acceder a informaci\u00f3n actualizada y detallada para cada jurisdicci\u00f3n y departamento.<\/p>\n","protected":false},"excerpt":{"rendered":"<p>Lo anunci\u00f3 el Ministerio de Salud P\u00fablica de esa provincia y se espera que se confirmen m\u00e1s casos. La persona infectada no presenta antecedentes de viaje y el Gobierno salte\u00f1o ya tiene un plan estrat\u00e9gico &nbsp; &nbsp; Mientras el Gobierno ya se encuentra monitoreando el estado de situaci\u00f3n del dengue a nivel estrat\u00e9gico, se confirm\u00f3 un nuevo caso aut\u00f3ctono de la enfermedad. Este fue detectado en la provincia de Salta, seg\u00fan confirm\u00f3 el Ministerio de Salud P\u00fablica de esa provincia. Se trata de una mujer adulta que comenz\u00f3 con s\u00edntomas&#8230;<\/p>\n","protected":false},"author":3,"featured_media":122131,"comment_status":"closed","ping_status":"closed","sticky":false,"template":"","format":"standard","meta":[],"categories":[2],"tags":[],"_links":{"self":[{"href":"https:\/\/www.actualidadadiario.com\/index.php\/wp-json\/wp\/v2\/posts\/122421"}],"collection":[{"href":"https:\/\/www.actualidadadiario.com\/index.php\/wp-json\/wp\/v2\/posts"}],"about":[{"href":"https:\/\/www.actualidadadiario.com\/index.php\/wp-json\/wp\/v2\/types\/post"}],"author":[{"embeddable":true,"href":"https:\/\/www.actualidadadiario.com\/index.php\/wp-json\/wp\/v2\/users\/3"}],"replies":[{"embeddable":true,"href":"https:\/\/www.actualidadadiario.com\/index.php\/wp-json\/wp\/v2\/comments?post=122421"}],"version-history":[{"count":2,"href":"https:\/\/www.actualidadadiario.com\/index.php\/wp-json\/wp\/v2\/posts\/122421\/revisions"}],"predecessor-version":[{"id":122423,"href":"https:\/\/www.actualidadadiario.com\/index.php\/wp-json\/wp\/v2\/posts\/122421\/revisions\/122423"}],"wp:featuredmedia":[{"embeddable":true,"href":"https:\/\/www.actualidadadiario.com\/index.php\/wp-json\/wp\/v2\/media\/122131"}],"wp:attachment":[{"href":"https:\/\/www.actualidadadiario.com\/index.php\/wp-json\/wp\/v2\/media?parent=122421"}],"wp:term":[{"taxonomy":"category","embeddable":true,"href":"https:\/\/www.actualidadadiario.com\/index.php\/wp-json\/wp\/v2\/categories?post=122421"},{"taxonomy":"post_tag","embeddable":true,"href":"https:\/\/www.actualidadadiario.com\/index.php\/wp-json\/wp\/v2\/tags?post=122421"}],"curies":[{"name":"wp","href":"https:\/\/api.w.org\/{rel}","templated":true}]}}