{"id":12242,"date":"2017-05-30T10:19:53","date_gmt":"2017-05-30T13:19:53","guid":{"rendered":"http:\/\/actualidadadiario.com\/site\/?p=12242"},"modified":"2017-05-30T10:19:53","modified_gmt":"2017-05-30T13:19:53","slug":"marcha-atras-ahora-carrio-dice-que-en-paraguay-no-la-espiaron","status":"publish","type":"post","link":"https:\/\/www.actualidadadiario.com\/index.php\/2017\/05\/30\/marcha-atras-ahora-carrio-dice-que-en-paraguay-no-la-espiaron\/","title":{"rendered":"Marcha atr\u00e1s: ahora Carri\u00f3 dice que en Paraguay no la espiaron"},"content":{"rendered":"<p><em><strong>Elisa &#8220;Lilita&#8221; Carri\u00f3 dio marcha atr\u00e1s con sus acusaciones contra la AFI y ahora asegura que no fue v\u00edctima de espionaje. La diputada nacional asegur\u00f3 que Gustavo Arribas, titular del organismo, le confirm\u00f3 que no hubo ning\u00fan seguimiento en el viaje de la l\u00edder de la CC a Paraguay<\/strong><\/em><\/p>\n<p>&nbsp;<\/p>\n<p>&nbsp;<\/p>\n<p>&nbsp;<\/p>\n<p>&nbsp;<\/p>\n<p>A trav\u00e9s de un escueto mensaje en Twitter, la diputada nacional consign\u00f3 que &#8220;la AFI no hizo seguimiento de mi viaje&#8221;. Asimismo, Carri\u00f3 cont\u00f3 que Arribas le present\u00f3 &#8220;un informe satisfactorio&#8221; al respecto. Allegados a la diputada indicaron a \u00e1mbito.com que &#8220;por el momento&#8221; la legisladora no tiene previsto lanzar un comunicado al respecto.<\/p>\n<p>&nbsp;<\/p>\n<p>El culebr\u00f3n de esp\u00edas comenz\u00f3 cuando el diario Clar\u00edn public\u00f3 un informe de inteligencia sobre el viaje de Carri\u00f3 el mes pasado a Paraguay. En la nota se inclu\u00eda una foto de ella con el mayor retirado del Ej\u00e9rcito argentino Alejandro Camino, con quien se reuni\u00f3 en ese pa\u00eds. Tras conocerse la noticia, la propia Carri\u00f3 hab\u00eda denunciado en declaraciones a radio Mitre que era &#8220;objeto de espionaje permanente&#8221; y blanco de una &#8220;persecuci\u00f3n sistem\u00e1tica terrible&#8221;, que incluye &#8220;escuchas telef\u00f3nicas&#8221;.<\/p>\n<p>&nbsp;<\/p>\n<p>En ese contexto, la l\u00edder de la CC hab\u00eda desligado de sus acusaciones a Arribas, del que se\u00f1al\u00f3 que &#8220;no est\u00e1 en estas operaciones&#8221; y lo &#8220;quieren tumbar&#8221;. La diputada reclam\u00f3 la destituci\u00f3n de Silvia Majdalani, la subjefa de inteligencia, y dijo que no pod\u00eda &#8220;creer&#8221; que el presidente Mauricio Macri la siguiera &#8220;sosteniendo&#8221; en el cargo. Por los dichos de Carri\u00f3, la Agencia Federal de Inteligencia (AFI) abri\u00f3 una investigaci\u00f3n interna por presunto espionaje ilegal, luego de las denuncias que lanz\u00f3 la legisladora contra la n\u00famero dos del organismo.<\/p>\n<p>&nbsp;<\/p>\n<p>Hace unos d\u00edas, la a abogada de Carri\u00f3 le sum\u00f3 m\u00e1s pimienta a la situaci\u00f3n al asegurar que hay sectores de la AFI a los que &#8220;les importa particularmente que se rompa Cambiemos&#8221;. La letrada tambi\u00e9n resalt\u00f3 que la l\u00edder de la Coalici\u00f3n C\u00edvica tiene la &#8220;constataci\u00f3n&#8221; de que la desestimada denuncia en su contra por presunto enriquecimiento il\u00edcito &#8220;sali\u00f3 de la AFI&#8221; y ratific\u00f3 la acusaci\u00f3n contra la subdirectora de la AFI, Silvia Majdalani: &#8220;Ella la responsabiliza porque tiene informaci\u00f3n que no se puede revelar&#8221;. En di\u00e1logo con Radio La Red, la representante de la legisladora nacional record\u00f3 que su defendida &#8220;est\u00e1 objetando el nombramiento de Majdalani desde el primer d\u00eda&#8221;.<\/p>\n","protected":false},"excerpt":{"rendered":"<p>Elisa &#8220;Lilita&#8221; Carri\u00f3 dio marcha atr\u00e1s con sus acusaciones contra la AFI y ahora asegura que no fue v\u00edctima de espionaje. La diputada nacional asegur\u00f3 que Gustavo Arribas, titular del organismo, le confirm\u00f3 que no hubo ning\u00fan seguimiento en el viaje de la l\u00edder de la CC a Paraguay &nbsp; &nbsp; &nbsp; &nbsp; A trav\u00e9s de un escueto mensaje en Twitter, la diputada nacional consign\u00f3 que &#8220;la AFI no hizo seguimiento de mi viaje&#8221;. Asimismo, Carri\u00f3 cont\u00f3 que Arribas le present\u00f3 &#8220;un informe satisfactorio&#8221; al respecto. Allegados a la diputada&#8230;<\/p>\n","protected":false},"author":3,"featured_media":12243,"comment_status":"closed","ping_status":"closed","sticky":false,"template":"","format":"standard","meta":[],"categories":[18],"tags":[],"_links":{"self":[{"href":"https:\/\/www.actualidadadiario.com\/index.php\/wp-json\/wp\/v2\/posts\/12242"}],"collection":[{"href":"https:\/\/www.actualidadadiario.com\/index.php\/wp-json\/wp\/v2\/posts"}],"about":[{"href":"https:\/\/www.actualidadadiario.com\/index.php\/wp-json\/wp\/v2\/types\/post"}],"author":[{"embeddable":true,"href":"https:\/\/www.actualidadadiario.com\/index.php\/wp-json\/wp\/v2\/users\/3"}],"replies":[{"embeddable":true,"href":"https:\/\/www.actualidadadiario.com\/index.php\/wp-json\/wp\/v2\/comments?post=12242"}],"version-history":[{"count":1,"href":"https:\/\/www.actualidadadiario.com\/index.php\/wp-json\/wp\/v2\/posts\/12242\/revisions"}],"predecessor-version":[{"id":12244,"href":"https:\/\/www.actualidadadiario.com\/index.php\/wp-json\/wp\/v2\/posts\/12242\/revisions\/12244"}],"wp:featuredmedia":[{"embeddable":true,"href":"https:\/\/www.actualidadadiario.com\/index.php\/wp-json\/wp\/v2\/media\/12243"}],"wp:attachment":[{"href":"https:\/\/www.actualidadadiario.com\/index.php\/wp-json\/wp\/v2\/media?parent=12242"}],"wp:term":[{"taxonomy":"category","embeddable":true,"href":"https:\/\/www.actualidadadiario.com\/index.php\/wp-json\/wp\/v2\/categories?post=12242"},{"taxonomy":"post_tag","embeddable":true,"href":"https:\/\/www.actualidadadiario.com\/index.php\/wp-json\/wp\/v2\/tags?post=12242"}],"curies":[{"name":"wp","href":"https:\/\/api.w.org\/{rel}","templated":true}]}}