{"id":122404,"date":"2024-11-07T11:21:42","date_gmt":"2024-11-07T14:21:42","guid":{"rendered":"https:\/\/www.actualidadadiario.com\/?p=122404"},"modified":"2024-11-07T11:21:42","modified_gmt":"2024-11-07T14:21:42","slug":"santa-fe-les-cobrara-un-impuesto-del-2-a-quienes-blanqueen-mas-de-us100-mil-no-da-lo-mismo-cumplir-que-no-cumplir","status":"publish","type":"post","link":"https:\/\/www.actualidadadiario.com\/index.php\/2024\/11\/07\/santa-fe-les-cobrara-un-impuesto-del-2-a-quienes-blanqueen-mas-de-us100-mil-no-da-lo-mismo-cumplir-que-no-cumplir\/","title":{"rendered":"Santa Fe les cobrar\u00e1 un impuesto del 2% a quienes blanqueen m\u00e1s de u$s100 mil: &#8220;No da lo mismo cumplir que no cumplir&#8221;"},"content":{"rendered":"<p style=\"text-align: center;\"><em><strong>Los fondos recaudados por la al\u00edcuota ser\u00e1n para otorgarles beneficios fiscales a quienes s\u00ed cumplieron. \u201cLos verdaderos h\u00e9roes son aquellos que han cumplido siempre sus obligaciones tributarias&#8221;, indicaron<\/strong><\/em><\/p>\n<p>&nbsp;<\/p>\n<p>&nbsp;<\/p>\n<p>El gobierno de Santa Fe anunci\u00f3 que les cobrar\u00e1 una al\u00edcuota del 2% a quienes blanqueen m\u00e1s de u$s 100 mil, con el objetivo de generar fondos para invertirse en beneficios fiscales para quienes s\u00ed cumplieron con el pago de impuestos.<\/p>\n<p>Desde la provincia gobernada por Maximiliano Pullaro indicaron que, al igual que ocurri\u00f3 con la ley de Blanqueo impulsada por Naci\u00f3n, el distrito otorgar\u00e1 el perd\u00f3n fiscal y no cobrar\u00e1 a aquellos que ingresen por sumas inferiores a los 100 mil d\u00f3lares.<\/p>\n<p>&nbsp;<\/p>\n<p><strong>No da lo mismo cumplir que no cumplir<\/strong><\/p>\n<p>Al respecto, el ministro de Econom\u00eda local, Pablo Olivares, indic\u00f3 que \u201cen Santa Fe no da lo mismo cumplir que no cumplir\u201d.<\/p>\n<p>En Santa Fe esgrimen que la adhesi\u00f3n al blanqueo provincial le significar\u00e1 seguridad jur\u00eddica a quien blanque\u00f3 a nivel nacional, ya que al tap\u00f3n fiscal Nacional que se logra con la adhesi\u00f3n al blanqueo a nivel nacional, sumada a la adhesi\u00f3n a nivel provincial, genera un tap\u00f3n fiscal provincial, ya que ni Naci\u00f3n ni la provincia le reclamar\u00e1n por cinco a\u00f1os de impuestos adeudados.<\/p>\n<p>Paralelamente, la administraci\u00f3n de Pullaro les aplicar\u00e1 un premio a quienes s\u00ed cumplieron. Sobre este punto, el ministro Olivares se\u00f1al\u00f3 que mientras que Naci\u00f3n \u201cva a hacer un perd\u00f3n de los impuestos nacionales a quienes adhieran a ese blanqueo, lo que acontece es que todos los fiscos provinciales pueden quedar al acecho de aquel que adhiri\u00f3 al blanqueo para cobrarle los impuestos de los \u00faltimos cinco a\u00f1os&#8221;.<\/p>\n<p>\u201cLos verdaderos h\u00e9roes son aquellos que han cumplido siempre sus obligaciones tributarias\u201d, agreg\u00f3. A la par, indic\u00f3 que en Santa Fe, a contramano del Gobierno nacional, &#8220;no queremos ser un obst\u00e1culo para esta pol\u00edtica nacional, pero tampoco que la adhesi\u00f3n a nivel provincial sea bajo cualquier condici\u00f3n\u201d.<\/p>\n<p>En ese sentido el funcionario resalt\u00f3 algunos principios para otorgar el perd\u00f3n fiscal provincial: principalmente que se encuentre subordinada a la pol\u00edtica de seguridad, es decir, \u201cconfirmar que quienes adhieran no tengan ning\u00fan tipo de v\u00ednculo con econom\u00edas ilegales o vinculados a cualquier tipo de lavado\u201d.<\/p>\n<p>Junto con la presentaci\u00f3n de la Ley Tributaria 2025, la provincia de Santa Fe adhiri\u00f3 al R\u00e9gimen de Incentivo para Grandes Inversiones (RIGI) y a la Ley Nacional N.\u00ba 27.743 denominada \u201cLey de Blanqueo\u201d.<\/p>\n<p>&nbsp;<\/p>\n<p><strong>Equilibrio<\/strong><\/p>\n<p>Olivares enfatiz\u00f3 que la medida busca un equilibrio justo, porque Por esto desde el Gobierno provincial se determin\u00f3 que quienes blanqueen activos por m\u00e1s de U$S 100.000 d\u00f3lares deber\u00e1n abonar un 2 % de los montos excedentes a dicha suma.<\/p>\n<p>Y aclar\u00f3 que ese 2 % abonado (excedente de los U$100.000) lo podr\u00e1n tomar a cuenta de impuestos de ingresos brutos de futuro, \u201ces decir, lo que van a estar haciendo es un anticipo de los impuestos que van a tener que pagar en el futuro\u201d, mencion\u00f3 el ministro.<\/p>\n<p>Adem\u00e1s el responsable de la cartera econ\u00f3mica provincial destac\u00f3 que lo que se recaude no quedar\u00e1 en los fondos provinciales, sino que ser\u00e1 asignado a aquellos que cumplieron a trav\u00e9s de un incentivo y un premio por buen cumplimiento.<\/p>\n","protected":false},"excerpt":{"rendered":"<p>Los fondos recaudados por la al\u00edcuota ser\u00e1n para otorgarles beneficios fiscales a quienes s\u00ed cumplieron. \u201cLos verdaderos h\u00e9roes son aquellos que han cumplido siempre sus obligaciones tributarias&#8221;, indicaron &nbsp; &nbsp; El gobierno de Santa Fe anunci\u00f3 que les cobrar\u00e1 una al\u00edcuota del 2% a quienes blanqueen m\u00e1s de u$s 100 mil, con el objetivo de generar fondos para invertirse en beneficios fiscales para quienes s\u00ed cumplieron con el pago de impuestos. Desde la provincia gobernada por Maximiliano Pullaro indicaron que, al igual que ocurri\u00f3 con la ley de Blanqueo impulsada&#8230;<\/p>\n","protected":false},"author":3,"featured_media":96345,"comment_status":"closed","ping_status":"closed","sticky":false,"template":"","format":"standard","meta":[],"categories":[9],"tags":[],"_links":{"self":[{"href":"https:\/\/www.actualidadadiario.com\/index.php\/wp-json\/wp\/v2\/posts\/122404"}],"collection":[{"href":"https:\/\/www.actualidadadiario.com\/index.php\/wp-json\/wp\/v2\/posts"}],"about":[{"href":"https:\/\/www.actualidadadiario.com\/index.php\/wp-json\/wp\/v2\/types\/post"}],"author":[{"embeddable":true,"href":"https:\/\/www.actualidadadiario.com\/index.php\/wp-json\/wp\/v2\/users\/3"}],"replies":[{"embeddable":true,"href":"https:\/\/www.actualidadadiario.com\/index.php\/wp-json\/wp\/v2\/comments?post=122404"}],"version-history":[{"count":1,"href":"https:\/\/www.actualidadadiario.com\/index.php\/wp-json\/wp\/v2\/posts\/122404\/revisions"}],"predecessor-version":[{"id":122405,"href":"https:\/\/www.actualidadadiario.com\/index.php\/wp-json\/wp\/v2\/posts\/122404\/revisions\/122405"}],"wp:featuredmedia":[{"embeddable":true,"href":"https:\/\/www.actualidadadiario.com\/index.php\/wp-json\/wp\/v2\/media\/96345"}],"wp:attachment":[{"href":"https:\/\/www.actualidadadiario.com\/index.php\/wp-json\/wp\/v2\/media?parent=122404"}],"wp:term":[{"taxonomy":"category","embeddable":true,"href":"https:\/\/www.actualidadadiario.com\/index.php\/wp-json\/wp\/v2\/categories?post=122404"},{"taxonomy":"post_tag","embeddable":true,"href":"https:\/\/www.actualidadadiario.com\/index.php\/wp-json\/wp\/v2\/tags?post=122404"}],"curies":[{"name":"wp","href":"https:\/\/api.w.org\/{rel}","templated":true}]}}