{"id":122400,"date":"2024-11-07T10:16:56","date_gmt":"2024-11-07T13:16:56","guid":{"rendered":"https:\/\/www.actualidadadiario.com\/?p=122400"},"modified":"2024-11-07T10:27:36","modified_gmt":"2024-11-07T13:27:36","slug":"el-pj-defendio-a-sus-legisladores-provinciales","status":"publish","type":"post","link":"https:\/\/www.actualidadadiario.com\/index.php\/2024\/11\/07\/el-pj-defendio-a-sus-legisladores-provinciales\/","title":{"rendered":"El PJ defendi\u00f3 a sus legisladores provinciales"},"content":{"rendered":"<p style=\"text-align: center;\"><em><strong>\u201cLos legisladores y legisladoras provinciales del peronismo soportan el embate del Gobierno provincial para el tratamiento de determinadas leyes\u201d, advirti\u00f3 el Partido Justicialista y cuestion\u00f3 a la gesti\u00f3n de Frigerio por \u201cla falta de gesti\u00f3n y una abundancia de relatos que nada tienen que ver con la realidad de las y los entrerrianos\u201d<\/strong><\/em><\/p>\n<p>&nbsp;<\/p>\n<p>&nbsp;<\/p>\n<p>Las y los integrantes del Consejo Provincial se reunieron en la sede partidaria de calle 9 de julio de Paran\u00e1 para tratar diferentes temas administrativos, pol\u00edticos y partidarios. Adem\u00e1s se dio curso a las resoluciones aprobadas en el \u00faltimo Congreso partidario.<\/p>\n<p>Entre los puntos destacados, se avanz\u00f3 con la planificaci\u00f3n de las convocatorias y di\u00e1logos con distintos sectores del peronismo institucional para concretar las Resoluciones dictadas por el Congreso partidario realizado el pasado s\u00e1bado 7 de septiembre en Paran\u00e1.<\/p>\n<p>Tambi\u00e9n se abordaron temas de la realidad pol\u00edtica nacional y local, y se hizo hincapi\u00e9 en el apoyo a los legisladores y legisladoras provinciales del peronismo, que soportan el embate del Gobierno provincial para el tratamiento de determinadas leyes.<\/p>\n<p>\u201cHa sido una constante presionar por leyes y los resultados no se ven en los hechos porque, si algo vemos en la provincia, es falta de gesti\u00f3n y una abundancia de relatos que nada tienen que ver con la realidad de las y los entrerrianos\u201d, expresaron al respecto.<\/p>\n","protected":false},"excerpt":{"rendered":"<p>\u201cLos legisladores y legisladoras provinciales del peronismo soportan el embate del Gobierno provincial para el tratamiento de determinadas leyes\u201d, advirti\u00f3 el Partido Justicialista y cuestion\u00f3 a la gesti\u00f3n de Frigerio por \u201cla falta de gesti\u00f3n y una abundancia de relatos que nada tienen que ver con la realidad de las y los entrerrianos\u201d &nbsp; &nbsp; Las y los integrantes del Consejo Provincial se reunieron en la sede partidaria de calle 9 de julio de Paran\u00e1 para tratar diferentes temas administrativos, pol\u00edticos y partidarios. Adem\u00e1s se dio curso a las resoluciones&#8230;<\/p>\n","protected":false},"author":3,"featured_media":115387,"comment_status":"closed","ping_status":"closed","sticky":false,"template":"","format":"standard","meta":[],"categories":[15],"tags":[],"_links":{"self":[{"href":"https:\/\/www.actualidadadiario.com\/index.php\/wp-json\/wp\/v2\/posts\/122400"}],"collection":[{"href":"https:\/\/www.actualidadadiario.com\/index.php\/wp-json\/wp\/v2\/posts"}],"about":[{"href":"https:\/\/www.actualidadadiario.com\/index.php\/wp-json\/wp\/v2\/types\/post"}],"author":[{"embeddable":true,"href":"https:\/\/www.actualidadadiario.com\/index.php\/wp-json\/wp\/v2\/users\/3"}],"replies":[{"embeddable":true,"href":"https:\/\/www.actualidadadiario.com\/index.php\/wp-json\/wp\/v2\/comments?post=122400"}],"version-history":[{"count":1,"href":"https:\/\/www.actualidadadiario.com\/index.php\/wp-json\/wp\/v2\/posts\/122400\/revisions"}],"predecessor-version":[{"id":122401,"href":"https:\/\/www.actualidadadiario.com\/index.php\/wp-json\/wp\/v2\/posts\/122400\/revisions\/122401"}],"wp:featuredmedia":[{"embeddable":true,"href":"https:\/\/www.actualidadadiario.com\/index.php\/wp-json\/wp\/v2\/media\/115387"}],"wp:attachment":[{"href":"https:\/\/www.actualidadadiario.com\/index.php\/wp-json\/wp\/v2\/media?parent=122400"}],"wp:term":[{"taxonomy":"category","embeddable":true,"href":"https:\/\/www.actualidadadiario.com\/index.php\/wp-json\/wp\/v2\/categories?post=122400"},{"taxonomy":"post_tag","embeddable":true,"href":"https:\/\/www.actualidadadiario.com\/index.php\/wp-json\/wp\/v2\/tags?post=122400"}],"curies":[{"name":"wp","href":"https:\/\/api.w.org\/{rel}","templated":true}]}}