{"id":122398,"date":"2024-11-07T10:22:51","date_gmt":"2024-11-07T13:22:51","guid":{"rendered":"https:\/\/www.actualidadadiario.com\/?p=122398"},"modified":"2024-11-07T10:22:51","modified_gmt":"2024-11-07T13:22:51","slug":"agmer-convoco-a-congreso-extraordinario-para-la-proxima-semana","status":"publish","type":"post","link":"https:\/\/www.actualidadadiario.com\/index.php\/2024\/11\/07\/agmer-convoco-a-congreso-extraordinario-para-la-proxima-semana\/","title":{"rendered":"Agmer convoc\u00f3 a congreso extraordinario para la pr\u00f3xima semana"},"content":{"rendered":"<p style=\"text-align: center;\"><em><strong>La Comisi\u00f3n Directiva Central de la Asociaci\u00f3n Gremial del Magisterio de Entre R\u00edos (Agmer) convoc\u00f3 a la sexta sesi\u00f3n del CCVII Congreso Extraordinario para el martes 12 de noviembre, en el marco de la paritaria salarial provincial<\/strong><\/em><\/p>\n<p>&nbsp;<\/p>\n<p>&nbsp;<\/p>\n<p>El congreso es con modalidad presencial, en el sal\u00f3n de Seccional departamental de AGMER en calle Laprida 136 de la ciudad de Paran\u00e1, a las 9, para dar tratamiento al siguiente temario:<\/p>\n<ol>\n<li>Elecci\u00f3n de la mesa del Congreso.<\/li>\n<li>Informe de gesti\u00f3n.<\/li>\n<li>An\u00e1lisis de la situaci\u00f3n nacional y provincial.<\/li>\n<li>Estrategias a seguir.<\/li>\n<li>Lectura y aprobaci\u00f3n del acta.<\/li>\n<\/ol>\n<p>La reuni\u00f3n se dar\u00e1 tras el encuentro entre gremios docentes y representantes del gobierno provincial, que se llevar\u00e1 a cabo este jueves 7 de noviembre a las 10.<\/p>\n","protected":false},"excerpt":{"rendered":"<p>La Comisi\u00f3n Directiva Central de la Asociaci\u00f3n Gremial del Magisterio de Entre R\u00edos (Agmer) convoc\u00f3 a la sexta sesi\u00f3n del CCVII Congreso Extraordinario para el martes 12 de noviembre, en el marco de la paritaria salarial provincial &nbsp; &nbsp; El congreso es con modalidad presencial, en el sal\u00f3n de Seccional departamental de AGMER en calle Laprida 136 de la ciudad de Paran\u00e1, a las 9, para dar tratamiento al siguiente temario: Elecci\u00f3n de la mesa del Congreso. Informe de gesti\u00f3n. An\u00e1lisis de la situaci\u00f3n nacional y provincial. Estrategias a seguir&#8230;.<\/p>\n","protected":false},"author":3,"featured_media":42276,"comment_status":"closed","ping_status":"closed","sticky":false,"template":"","format":"standard","meta":[],"categories":[15],"tags":[],"_links":{"self":[{"href":"https:\/\/www.actualidadadiario.com\/index.php\/wp-json\/wp\/v2\/posts\/122398"}],"collection":[{"href":"https:\/\/www.actualidadadiario.com\/index.php\/wp-json\/wp\/v2\/posts"}],"about":[{"href":"https:\/\/www.actualidadadiario.com\/index.php\/wp-json\/wp\/v2\/types\/post"}],"author":[{"embeddable":true,"href":"https:\/\/www.actualidadadiario.com\/index.php\/wp-json\/wp\/v2\/users\/3"}],"replies":[{"embeddable":true,"href":"https:\/\/www.actualidadadiario.com\/index.php\/wp-json\/wp\/v2\/comments?post=122398"}],"version-history":[{"count":1,"href":"https:\/\/www.actualidadadiario.com\/index.php\/wp-json\/wp\/v2\/posts\/122398\/revisions"}],"predecessor-version":[{"id":122399,"href":"https:\/\/www.actualidadadiario.com\/index.php\/wp-json\/wp\/v2\/posts\/122398\/revisions\/122399"}],"wp:featuredmedia":[{"embeddable":true,"href":"https:\/\/www.actualidadadiario.com\/index.php\/wp-json\/wp\/v2\/media\/42276"}],"wp:attachment":[{"href":"https:\/\/www.actualidadadiario.com\/index.php\/wp-json\/wp\/v2\/media?parent=122398"}],"wp:term":[{"taxonomy":"category","embeddable":true,"href":"https:\/\/www.actualidadadiario.com\/index.php\/wp-json\/wp\/v2\/categories?post=122398"},{"taxonomy":"post_tag","embeddable":true,"href":"https:\/\/www.actualidadadiario.com\/index.php\/wp-json\/wp\/v2\/tags?post=122398"}],"curies":[{"name":"wp","href":"https:\/\/api.w.org\/{rel}","templated":true}]}}