{"id":122392,"date":"2024-11-07T10:16:00","date_gmt":"2024-11-07T13:16:00","guid":{"rendered":"https:\/\/www.actualidadadiario.com\/?p=122392"},"modified":"2024-11-07T10:16:00","modified_gmt":"2024-11-07T13:16:00","slug":"un-informe-indica-que-se-perdieron-mas-de-3-500-empleos-en-entre-rios-en-ocho-meses","status":"publish","type":"post","link":"https:\/\/www.actualidadadiario.com\/index.php\/2024\/11\/07\/un-informe-indica-que-se-perdieron-mas-de-3-500-empleos-en-entre-rios-en-ocho-meses\/","title":{"rendered":"Un informe indica que se perdieron m\u00e1s de 3.500 empleos en Entre R\u00edos en ocho meses"},"content":{"rendered":"<p style=\"text-align: center;\"><em><strong>Un informe del Centro de Econom\u00eda Pol\u00edtica Argentina (CEPA) acerca de la situaci\u00f3n del empleo privado registrado mostr\u00f3 que en los primeros ocho meses de gobierno de Javier Milei se perdieron 3.554 puesto de trabajo en Entre R\u00edos. Con una baja superior al 37,2 por ciento, el sector de la construcci\u00f3n es el m\u00e1s afectado<\/strong><\/em><\/p>\n<p>&nbsp;<\/p>\n<p>&nbsp;<\/p>\n<p>El informe analiz\u00f3 los datos de diciembre\/2023 a julio\/24 mes en el cual, seg\u00fan se indica, se perdieron 557 puestos de trabajo registrados en el sector privado en la provincia, lo que indica una ca\u00edda del 0,2% respecto de junio.<\/p>\n<p>\u201cEn los primeros ocho meses del gobierno de Javier Milei, la ca\u00edda en la provincia totaliza los 3.554 puestos (-2,6%)\u201d, se indica en las conclusiones del paper enviado a AN\u00c1LISIS.<\/p>\n<p>M\u00e1s adelante, se repasa la evoluci\u00f3n del empleo registrado privado y se advierte que \u201cno fue homog\u00e9nea en Entre R\u00edos\u201d.<\/p>\n<p>\u201cEn el \u00faltimo gobierno de Cristina Fern\u00e1ndez de Kirchner se generaron 1.347 puestos de trabajo. Durante el gobierno de Mauricio Macri, se destruyeron 3.932. En el gobierno de Alberto Fern\u00e1ndez, se generaron 5.444. Y en los primeros ocho meses de Milei, ya se destruyeron pr\u00e1cticamente la misma cantidad de puestos que durante el macrismo, alcanzando los 3.554\u201d, se enumera.<\/p>\n<p>&nbsp;<\/p>\n<p><strong>Los detalles por sector<\/strong><\/p>\n<p>A nivel sectorial, se indica que entre el primer trimestre de 2023 y el primer trimestre de 2024 (\u00faltimo dato disponible), los tres sectores m\u00e1s afectados son: Construcci\u00f3n (-37,2%), Miner\u00eda (-7.3%), y Servicios Inmobiliarios, Empresariales y de Alquiler (-3,1%).<\/p>\n<p>En Entre R\u00edos, las principales actividades en materia de empleo son el Comercio (23%) y la Industria Manufacturera (22%), ya que explican el 45 por ciento de los puestos de trabajo registrados en el sector privado, se a\u00f1ade.<\/p>\n<p>&nbsp;<\/p>\n<p><strong>Comparaci\u00f3n con otras provincias<\/strong><\/p>\n<p>M\u00e1s adelante, se compara con otros distritos: \u201cEn lo que se refiere a jurisdicciones, Entre R\u00edos se encuentra dentro del grupo de provincias con ca\u00eddas de hasta 5 por ciento desde la asunci\u00f3n de Javier Milei, acompa\u00f1ada por Mendoza, CABA, C\u00f3rdoba, Jujuy, Santa Fe, Corrientes, Buenos Aires y La Pampa\u201d.<\/p>\n<p>\u201cM\u00e1s espec\u00edficamente, la provincia registr\u00f3 una ca\u00edda de 2,6 por ciento en la cantidad de puestos de trabajo registrados en el sector privado\u201d, se precisa luego.<\/p>\n","protected":false},"excerpt":{"rendered":"<p>Un informe del Centro de Econom\u00eda Pol\u00edtica Argentina (CEPA) acerca de la situaci\u00f3n del empleo privado registrado mostr\u00f3 que en los primeros ocho meses de gobierno de Javier Milei se perdieron 3.554 puesto de trabajo en Entre R\u00edos. Con una baja superior al 37,2 por ciento, el sector de la construcci\u00f3n es el m\u00e1s afectado &nbsp; &nbsp; El informe analiz\u00f3 los datos de diciembre\/2023 a julio\/24 mes en el cual, seg\u00fan se indica, se perdieron 557 puestos de trabajo registrados en el sector privado en la provincia, lo que indica&#8230;<\/p>\n","protected":false},"author":3,"featured_media":44237,"comment_status":"closed","ping_status":"closed","sticky":false,"template":"","format":"standard","meta":[],"categories":[15],"tags":[],"_links":{"self":[{"href":"https:\/\/www.actualidadadiario.com\/index.php\/wp-json\/wp\/v2\/posts\/122392"}],"collection":[{"href":"https:\/\/www.actualidadadiario.com\/index.php\/wp-json\/wp\/v2\/posts"}],"about":[{"href":"https:\/\/www.actualidadadiario.com\/index.php\/wp-json\/wp\/v2\/types\/post"}],"author":[{"embeddable":true,"href":"https:\/\/www.actualidadadiario.com\/index.php\/wp-json\/wp\/v2\/users\/3"}],"replies":[{"embeddable":true,"href":"https:\/\/www.actualidadadiario.com\/index.php\/wp-json\/wp\/v2\/comments?post=122392"}],"version-history":[{"count":1,"href":"https:\/\/www.actualidadadiario.com\/index.php\/wp-json\/wp\/v2\/posts\/122392\/revisions"}],"predecessor-version":[{"id":122393,"href":"https:\/\/www.actualidadadiario.com\/index.php\/wp-json\/wp\/v2\/posts\/122392\/revisions\/122393"}],"wp:featuredmedia":[{"embeddable":true,"href":"https:\/\/www.actualidadadiario.com\/index.php\/wp-json\/wp\/v2\/media\/44237"}],"wp:attachment":[{"href":"https:\/\/www.actualidadadiario.com\/index.php\/wp-json\/wp\/v2\/media?parent=122392"}],"wp:term":[{"taxonomy":"category","embeddable":true,"href":"https:\/\/www.actualidadadiario.com\/index.php\/wp-json\/wp\/v2\/categories?post=122392"},{"taxonomy":"post_tag","embeddable":true,"href":"https:\/\/www.actualidadadiario.com\/index.php\/wp-json\/wp\/v2\/tags?post=122392"}],"curies":[{"name":"wp","href":"https:\/\/api.w.org\/{rel}","templated":true}]}}