{"id":122390,"date":"2024-11-07T10:15:16","date_gmt":"2024-11-07T13:15:16","guid":{"rendered":"https:\/\/www.actualidadadiario.com\/?p=122390"},"modified":"2024-11-07T10:19:04","modified_gmt":"2024-11-07T13:19:04","slug":"energia-electrica-el-epre-aprobo-un-nuevo-cuadro-tarifario","status":"publish","type":"post","link":"https:\/\/www.actualidadadiario.com\/index.php\/2024\/11\/07\/energia-electrica-el-epre-aprobo-un-nuevo-cuadro-tarifario\/","title":{"rendered":"Energ\u00eda el\u00e9ctrica: el EPRE aprob\u00f3 un nuevo cuadro tarifario"},"content":{"rendered":"<p style=\"text-align: center;\"><em><strong>El EPRE aprob\u00f3 un nuevo cuadro tarifario para el servicio de energ\u00eda el\u00e9ctrica, que tendr\u00e1 vigencia del 1\u00ba de noviembre al 31 de diciembre. La magnitud del aumento depender\u00e1 de la categor\u00eda del usuario, consumo y si recibe subsidios<\/strong><\/em><\/p>\n<p>&nbsp;<\/p>\n<p>&nbsp;<\/p>\n<p>Mediante la Resoluci\u00f3n N\u00b0215\/24 y su anexo I, el Ente Provincial Regulador de la Energ\u00eda (EPRE) de Entre R\u00edos dio a conocer el nuevo cuadro tarifario para el servicio de electricidad, que entr\u00f3 en vigencia el 1\u00b0 de noviembre de 2024 y se mantendr\u00e1 hasta el 31 de diciembre del mismo a\u00f1o.<\/p>\n<p>Esta medida, que responde a los cambios en el costo de abastecimiento en el Mercado El\u00e9ctrico Mayorista (MEM), incluye una serie de ajustes en los precios de la energ\u00eda, as\u00ed como en los subsidios aplicables a diferentes categor\u00edas de usuarios.<\/p>\n<p>La modificaci\u00f3n m\u00e1s significativa es el ajuste en el valor del gravamen destinado al Fondo Nacional de Energ\u00eda El\u00e9ctrica (FNEE), que pasar\u00e1 de $1.200 a $1.500 por megavatio hora (MWh). Este cambio, establecido por la Resoluci\u00f3n 2024-19 de la Secretar\u00eda de Coordinaci\u00f3n de Energ\u00eda y Miner\u00eda de la Naci\u00f3n, impacta directamente en el costo mayorista de la energ\u00eda, lo que a su vez afectar\u00e1 los precios para los usuarios finales de Entre R\u00edos.<\/p>\n<p>Este incremento en el gravamen se suma a los Precios de Referencia de la Potencia (POTREF) y el Precio Estabilizado de la Energ\u00eda (PEE), que tambi\u00e9n fueron ajustados para el periodo comprendido entre el 1\u00b0 de noviembre de 2024 y el 30 de abril de 2025.<\/p>\n<p>El nuevo cuadro tarifario mantendr\u00e1 la \u201csegmentaci\u00f3n de subsidios\u201d que beneficia a los usuarios residenciales de menores ingresos. En particular, los usuarios del Nivel 2 (Menores Ingresos) seguir\u00e1n recibiendo subsidios, con un tope m\u00e1ximo de consumo de 350 kWh mensuales hasta el 31 de diciembre de 2024. Para aquellos usuarios clasificados como Uso General (T1), el subsidio ser\u00e1 de hasta el 50% sobre el valor agregado de distribuci\u00f3n (VAD), tambi\u00e9n con l\u00edmites de consumo seg\u00fan su categor\u00eda residencial (350 kWh para urbanos y 300 kWh para rurales).<\/p>\n<p>Asimismo, se ratifica la aplicaci\u00f3n del esquema de tarifa especial para entidades sin fines de lucro. Las entidades de bien p\u00fablico, como clubes de barrio y otras organizaciones comunitarias, seguir\u00e1n abonando el precio correspondiente al consumo base de los usuarios residenciales del Nivel 2, sin que se les aplique subsidio provincial, tal como establece la Resoluci\u00f3n N\u00b0 2024-90 de la Secretar\u00eda de Energ\u00eda de la Naci\u00f3n.<\/p>\n<p>&nbsp;<\/p>\n<p><strong>Cuadro tarifario de ENERSA<\/strong><\/p>\n<p>La Empresa de Energ\u00eda de Entre R\u00edos (ENERSA) present\u00f3 su nuevo cuadro tarifario a principios de noviembre, ajustado a los nuevos valores del MEM y a los cambios en el gravamen nacional. Este cuadro tarifario incluye el impacto de las variaciones de los Precios de Referencia de la Potencia, Precio Estabilizado de la Energ\u00eda y el Precio Estabilizado del Transporte.<\/p>\n<p>&nbsp;<\/p>\n<p>El cuadro tarifario aprobado est\u00e1 condicionado a que no se registren nuevos cambios en los precios mayoristas de energ\u00eda, potencia o transporte en el MEM. En caso de que se produzcan ajustes adicionales, las distribuidoras deber\u00e1n presentar nuevos valores para su an\u00e1lisis y aprobaci\u00f3n por parte del EPRE.<\/p>\n<p>Este ajuste en las tarifas de electricidad tiene como objetivo adaptar los precios a las variaciones en los costos de generaci\u00f3n y transporte de energ\u00eda, al tiempo que se mantiene un esquema de subsidios orientado a proteger a los usuarios de menores recursos.<\/p>\n","protected":false},"excerpt":{"rendered":"<p>El EPRE aprob\u00f3 un nuevo cuadro tarifario para el servicio de energ\u00eda el\u00e9ctrica, que tendr\u00e1 vigencia del 1\u00ba de noviembre al 31 de diciembre. La magnitud del aumento depender\u00e1 de la categor\u00eda del usuario, consumo y si recibe subsidios &nbsp; &nbsp; Mediante la Resoluci\u00f3n N\u00b0215\/24 y su anexo I, el Ente Provincial Regulador de la Energ\u00eda (EPRE) de Entre R\u00edos dio a conocer el nuevo cuadro tarifario para el servicio de electricidad, que entr\u00f3 en vigencia el 1\u00b0 de noviembre de 2024 y se mantendr\u00e1 hasta el 31 de diciembre&#8230;<\/p>\n","protected":false},"author":3,"featured_media":120963,"comment_status":"closed","ping_status":"closed","sticky":false,"template":"","format":"standard","meta":[],"categories":[1],"tags":[],"_links":{"self":[{"href":"https:\/\/www.actualidadadiario.com\/index.php\/wp-json\/wp\/v2\/posts\/122390"}],"collection":[{"href":"https:\/\/www.actualidadadiario.com\/index.php\/wp-json\/wp\/v2\/posts"}],"about":[{"href":"https:\/\/www.actualidadadiario.com\/index.php\/wp-json\/wp\/v2\/types\/post"}],"author":[{"embeddable":true,"href":"https:\/\/www.actualidadadiario.com\/index.php\/wp-json\/wp\/v2\/users\/3"}],"replies":[{"embeddable":true,"href":"https:\/\/www.actualidadadiario.com\/index.php\/wp-json\/wp\/v2\/comments?post=122390"}],"version-history":[{"count":1,"href":"https:\/\/www.actualidadadiario.com\/index.php\/wp-json\/wp\/v2\/posts\/122390\/revisions"}],"predecessor-version":[{"id":122391,"href":"https:\/\/www.actualidadadiario.com\/index.php\/wp-json\/wp\/v2\/posts\/122390\/revisions\/122391"}],"wp:featuredmedia":[{"embeddable":true,"href":"https:\/\/www.actualidadadiario.com\/index.php\/wp-json\/wp\/v2\/media\/120963"}],"wp:attachment":[{"href":"https:\/\/www.actualidadadiario.com\/index.php\/wp-json\/wp\/v2\/media?parent=122390"}],"wp:term":[{"taxonomy":"category","embeddable":true,"href":"https:\/\/www.actualidadadiario.com\/index.php\/wp-json\/wp\/v2\/categories?post=122390"},{"taxonomy":"post_tag","embeddable":true,"href":"https:\/\/www.actualidadadiario.com\/index.php\/wp-json\/wp\/v2\/tags?post=122390"}],"curies":[{"name":"wp","href":"https:\/\/api.w.org\/{rel}","templated":true}]}}