{"id":12239,"date":"2017-05-30T10:18:46","date_gmt":"2017-05-30T13:18:46","guid":{"rendered":"http:\/\/actualidadadiario.com\/site\/?p=12239"},"modified":"2017-05-30T10:18:46","modified_gmt":"2017-05-30T13:18:46","slug":"freiler-magistratura-analizara-si-avanza-con-el-juicio-politico","status":"publish","type":"post","link":"https:\/\/www.actualidadadiario.com\/index.php\/2017\/05\/30\/freiler-magistratura-analizara-si-avanza-con-el-juicio-politico\/","title":{"rendered":"Freiler: Magistratura analizar\u00e1 si avanza con el juicio pol\u00edtico"},"content":{"rendered":"<p><em><strong>La Comisi\u00f3n de Acusaci\u00f3n del Consejo de la Magistratura aprob\u00f3 el dictamen contra el camarista federal, por presunto mal desempe\u00f1o de sus funciones<\/strong><\/em><\/p>\n<p>&nbsp;<\/p>\n<p>&nbsp;<\/p>\n<p>&nbsp;<\/p>\n<p>La Comisi\u00f3n de Acusaci\u00f3n del Consejo de la Magistratura aprob\u00f3 este lunes por mayor\u00eda simple el dictamen acusatorio contra el camarista federal Eduardo Freiler por presunto mal desempe\u00f1o de sus funciones.<\/p>\n<p>&nbsp;<\/p>\n<p>Ahora deber\u00e1 ser el plenario del cuerpo el que analice si avanza o no con el juicio pol\u00edtico al magistrado.<\/p>\n<p>&nbsp;<\/p>\n<p>Durante la sesi\u00f3n de la comisi\u00f3n, el acad\u00e9mico Jorge Candis vot\u00f3 en contra del dictamen y anticip\u00f3 que en el plenario rechazar\u00e1 la iniciativa.<\/p>\n<p>&nbsp;<\/p>\n<p>El diputado del PRO Pablo Tonelli afirm\u00f3 durante el encuentro que existe un &#8220;grado de certeza previo&#8221; respecto de la conducta y el incremento patrimonial de Freiler.<\/p>\n<p>&nbsp;<\/p>\n<p>Junto con Candis acompa\u00f1aron la oposici\u00f3n al dictamen en encendidos discursos los diputados del Frente para la Victoria Rodolfo Tailhade y Ruperto Godoy<\/p>\n","protected":false},"excerpt":{"rendered":"<p>La Comisi\u00f3n de Acusaci\u00f3n del Consejo de la Magistratura aprob\u00f3 el dictamen contra el camarista federal, por presunto mal desempe\u00f1o de sus funciones &nbsp; &nbsp; &nbsp; La Comisi\u00f3n de Acusaci\u00f3n del Consejo de la Magistratura aprob\u00f3 este lunes por mayor\u00eda simple el dictamen acusatorio contra el camarista federal Eduardo Freiler por presunto mal desempe\u00f1o de sus funciones. &nbsp; Ahora deber\u00e1 ser el plenario del cuerpo el que analice si avanza o no con el juicio pol\u00edtico al magistrado. &nbsp; Durante la sesi\u00f3n de la comisi\u00f3n, el acad\u00e9mico Jorge Candis vot\u00f3&#8230;<\/p>\n","protected":false},"author":3,"featured_media":12240,"comment_status":"closed","ping_status":"closed","sticky":false,"template":"","format":"standard","meta":[],"categories":[18],"tags":[],"_links":{"self":[{"href":"https:\/\/www.actualidadadiario.com\/index.php\/wp-json\/wp\/v2\/posts\/12239"}],"collection":[{"href":"https:\/\/www.actualidadadiario.com\/index.php\/wp-json\/wp\/v2\/posts"}],"about":[{"href":"https:\/\/www.actualidadadiario.com\/index.php\/wp-json\/wp\/v2\/types\/post"}],"author":[{"embeddable":true,"href":"https:\/\/www.actualidadadiario.com\/index.php\/wp-json\/wp\/v2\/users\/3"}],"replies":[{"embeddable":true,"href":"https:\/\/www.actualidadadiario.com\/index.php\/wp-json\/wp\/v2\/comments?post=12239"}],"version-history":[{"count":1,"href":"https:\/\/www.actualidadadiario.com\/index.php\/wp-json\/wp\/v2\/posts\/12239\/revisions"}],"predecessor-version":[{"id":12241,"href":"https:\/\/www.actualidadadiario.com\/index.php\/wp-json\/wp\/v2\/posts\/12239\/revisions\/12241"}],"wp:featuredmedia":[{"embeddable":true,"href":"https:\/\/www.actualidadadiario.com\/index.php\/wp-json\/wp\/v2\/media\/12240"}],"wp:attachment":[{"href":"https:\/\/www.actualidadadiario.com\/index.php\/wp-json\/wp\/v2\/media?parent=12239"}],"wp:term":[{"taxonomy":"category","embeddable":true,"href":"https:\/\/www.actualidadadiario.com\/index.php\/wp-json\/wp\/v2\/categories?post=12239"},{"taxonomy":"post_tag","embeddable":true,"href":"https:\/\/www.actualidadadiario.com\/index.php\/wp-json\/wp\/v2\/tags?post=12239"}],"curies":[{"name":"wp","href":"https:\/\/api.w.org\/{rel}","templated":true}]}}