{"id":122387,"date":"2024-11-07T10:14:36","date_gmt":"2024-11-07T13:14:36","guid":{"rendered":"https:\/\/www.actualidadadiario.com\/?p=122387"},"modified":"2024-11-07T10:14:36","modified_gmt":"2024-11-07T13:14:36","slug":"frigerio-quebro-el-bloqueo-del-pj-en-el-senado-y-consiguio-la-adhesion-al-rigi","status":"publish","type":"post","link":"https:\/\/www.actualidadadiario.com\/index.php\/2024\/11\/07\/frigerio-quebro-el-bloqueo-del-pj-en-el-senado-y-consiguio-la-adhesion-al-rigi\/","title":{"rendered":"Frigerio quebr\u00f3 el bloqueo del PJ en el Senado y consigui\u00f3 la adhesi\u00f3n al RIGI"},"content":{"rendered":"<p style=\"text-align: center;\"><em><strong>El oficialismo se impuso con el desempate de la vicegobernadora Alicia Aluani en una sesi\u00f3n especial cuestionada por el peronismo<\/strong><\/em><\/p>\n<p>&nbsp;<\/p>\n<p>&nbsp;<\/p>\n<p>Rogelio Frigerio consigui\u00f3 este mi\u00e9rcoles que Entre R\u00edos adhiera al RIGI con un apretado triunfo en el Senado que necesit\u00f3 del desempate de la vicegobernadora Alicia Aluani tras quedar en tablas con ocho votos a favor y ocho en contra. As\u00ed, el gobernador consigui\u00f3 quebrar la resistencia del PJ, que la semana pasada se levant\u00f3 para quitar el qu\u00f3rum.<\/p>\n<p>La de este mi\u00e9rcoles fue una sesi\u00f3n especial convocada por el oficialismo, que solo requiere un tercio del cuerpo para sesionar. Sin embargo, 16 de las 17 bancas de la c\u00e1mara alta provincial se ocuparon. El escenario era de paridad total, ya que ocho de esas bancas son de Juntos por Entre R\u00edos (JxER) y las otras ocho del PJ, que en realidad ostenta nueve, pero desde hace varias sesiones el senador Juan Cosso no asiste al Senado luego de sufrir un accidente automovil\u00edstico.<\/p>\n<p>Fue la vicegobernadora Aluani, entonces, la que termin\u00f3 volcando la fortuna para el lado de Frigerio. Con su desempate, Entre R\u00edos se suma ahora a las provincias que adhirieron al RIGI y, adem\u00e1s, suma su propio r\u00e9gimen de incentivo, el RINI, que abre la provincia a inversiones menores que los 200 millones de d\u00f3lares que establece el creado por Javier Milei a nivel nacional.<\/p>\n<p>&nbsp;<\/p>\n<p><strong>La oportunidad para Rogelio Frigerio de dividir aguas<\/strong><\/p>\n<p>En este contexto de m\u00e1xima polarizaci\u00f3n pol\u00edtica, Juntos aprovech\u00f3 a m\u00e1s no poder el clima de \u00e9poca y apost\u00f3 a exponer al peronismo como un partido anti empresa y relacionado al kirchnerismo. Por ello, en los pasillos de Casa Gris vincularon la foto de Gustavo Bordet y Guillermo Michel con Cristina Fern\u00e1ndez de Kirchner a esta negativa rotunda y cerrada a acompa\u00f1ar la adhesi\u00f3n al RIGI. Si bien esto es desestimado de plano por el PJ local. &#8220;Ni siquiera hablaron del tema&#8221;, dijeron cerca de los protagonistas locales de la postal.<\/p>\n<p>\u201cEs una linda oportunidad para dividir aguas, nosotros queremos un Estado que le saque la pata de arriba de la cabeza a quienes producen y apuestan por el pa\u00eds. Es una ley para el sector productivo, no para el Gobierno\u201d, analiz\u00f3 un frigerista de pura cepa.<\/p>\n<p>&nbsp;<\/p>\n<p><strong>El enojo del PJ en el Senado<\/strong><\/p>\n<p>El bloque del PJ en el Senado resisti\u00f3 hasta donde pudo la adhesi\u00f3n al RIGI, a la que se opon\u00edan por considerar que se trata de &#8220;entregar derechos y recursos naturales&#8221;. Por eso, la convocatoria del oficialismo a una sesi\u00f3n especial que romp\u00eda la estrategia de no dar qu\u00f3rum fue duramente criticada.<\/p>\n<p>&#8220;El hecho de convocar en forma innecesaria a una sesi\u00f3n especial, que requiere de un m\u00ednimo de legisladores para sesionar, y aprovechar esa herramienta reglamentaria, haciendo caso omiso a la situaci\u00f3n personal de un legislador, cuando la primera vez la sesi\u00f3n fracas\u00f3 porque el oficialismo no dio qu\u00f3rum por desinteligencias internas, rompe con las reglas no escritas de buen di\u00e1logo y trato parlamentario&#8221;, expres\u00f3 el bloque peronista en un comunicado previo a la votaci\u00f3n.<\/p>\n<p>&nbsp;<\/p>\n<p><strong>Presi\u00f3n del c\u00edrculo rojo<\/strong><\/p>\n<p>Despu\u00e9s de que el bloque del PJ frenara la adhesi\u00f3n al RIGI, los empresarios salieron en t\u00e1ndem a bancar el proyecto del gobernador Frigerio. La Uni\u00f3n Industrial de Entre R\u00edos (UIER), el Consejo Empresario de Entre (CEER), la Bolsa de Cereales de Entre R\u00edos (BolsaCER), la Bolsa de Comercio de Entre R\u00edos (BCER) y la Federaci\u00f3n de Cooperativas de Entre R\u00edos (FEDECO) \u201cratifican su firme respaldo al RINI, as\u00ed como la adhesi\u00f3n al RIGI, iniciativas promovidas por el Gobierno Provincial\u201d, dijeron en un comunicado conjunto estas entidades.<\/p>\n<p>El c\u00edrculo rojo ya hab\u00eda pasado por las comisiones de la Legislatura cuando se debati\u00f3 en ese \u00e1mbito. Dieron su parecer y presionaron para que salga. No alcanz\u00f3 para torcer el brazo del peronismo que, si bien siempre comulg\u00f3 con el empresariado, hoy se encuentra la posici\u00f3n de ensayar posturas opositoras luego de veinte a\u00f1os de ejercer el poder.<\/p>\n<p>\u201cLas entidades instan a los legisladores a aprobar este tipo de herramientas que apuntan fundamentalmente a incentivar la creaci\u00f3n de puestos de trabajo registrados en el sector privado, tan necesarios para revertir los cr\u00edticos indicadores sociales de la provincia y el pa\u00eds\u201d, sostuvieron.<\/p>\n","protected":false},"excerpt":{"rendered":"<p>El oficialismo se impuso con el desempate de la vicegobernadora Alicia Aluani en una sesi\u00f3n especial cuestionada por el peronismo &nbsp; &nbsp; Rogelio Frigerio consigui\u00f3 este mi\u00e9rcoles que Entre R\u00edos adhiera al RIGI con un apretado triunfo en el Senado que necesit\u00f3 del desempate de la vicegobernadora Alicia Aluani tras quedar en tablas con ocho votos a favor y ocho en contra. As\u00ed, el gobernador consigui\u00f3 quebrar la resistencia del PJ, que la semana pasada se levant\u00f3 para quitar el qu\u00f3rum. La de este mi\u00e9rcoles fue una sesi\u00f3n especial convocada&#8230;<\/p>\n","protected":false},"author":3,"featured_media":122388,"comment_status":"closed","ping_status":"closed","sticky":false,"template":"","format":"standard","meta":[],"categories":[9],"tags":[],"_links":{"self":[{"href":"https:\/\/www.actualidadadiario.com\/index.php\/wp-json\/wp\/v2\/posts\/122387"}],"collection":[{"href":"https:\/\/www.actualidadadiario.com\/index.php\/wp-json\/wp\/v2\/posts"}],"about":[{"href":"https:\/\/www.actualidadadiario.com\/index.php\/wp-json\/wp\/v2\/types\/post"}],"author":[{"embeddable":true,"href":"https:\/\/www.actualidadadiario.com\/index.php\/wp-json\/wp\/v2\/users\/3"}],"replies":[{"embeddable":true,"href":"https:\/\/www.actualidadadiario.com\/index.php\/wp-json\/wp\/v2\/comments?post=122387"}],"version-history":[{"count":1,"href":"https:\/\/www.actualidadadiario.com\/index.php\/wp-json\/wp\/v2\/posts\/122387\/revisions"}],"predecessor-version":[{"id":122389,"href":"https:\/\/www.actualidadadiario.com\/index.php\/wp-json\/wp\/v2\/posts\/122387\/revisions\/122389"}],"wp:featuredmedia":[{"embeddable":true,"href":"https:\/\/www.actualidadadiario.com\/index.php\/wp-json\/wp\/v2\/media\/122388"}],"wp:attachment":[{"href":"https:\/\/www.actualidadadiario.com\/index.php\/wp-json\/wp\/v2\/media?parent=122387"}],"wp:term":[{"taxonomy":"category","embeddable":true,"href":"https:\/\/www.actualidadadiario.com\/index.php\/wp-json\/wp\/v2\/categories?post=122387"},{"taxonomy":"post_tag","embeddable":true,"href":"https:\/\/www.actualidadadiario.com\/index.php\/wp-json\/wp\/v2\/tags?post=122387"}],"curies":[{"name":"wp","href":"https:\/\/api.w.org\/{rel}","templated":true}]}}