{"id":122383,"date":"2024-11-06T12:58:57","date_gmt":"2024-11-06T15:58:57","guid":{"rendered":"https:\/\/www.actualidadadiario.com\/?p=122383"},"modified":"2024-11-06T12:58:57","modified_gmt":"2024-11-06T15:58:57","slug":"habra-hoy-nuevas-protestas-para-evitar-la-adhesion-de-entre-rios-al-rigi","status":"publish","type":"post","link":"https:\/\/www.actualidadadiario.com\/index.php\/2024\/11\/06\/habra-hoy-nuevas-protestas-para-evitar-la-adhesion-de-entre-rios-al-rigi\/","title":{"rendered":"Habr\u00e1 hoy nuevas protestas para evitar la adhesi\u00f3n de Entre R\u00edos al RIGI"},"content":{"rendered":"<p style=\"text-align: center;\"><em><strong>\u201cAhora s\u00ed, que la tercera sea la vencida y la adhesi\u00f3n al RIGI y la creaci\u00f3n del RINI se caigan\u201d, anunciaron desde la Red Ecosocialista\/MST y convocan a concentrarse este mi\u00e9rcoles a las 18:30 en el marco de la sesi\u00f3n prevista por la C\u00e1mara de Senadores para tratar el proyecto de ley por el que Entre R\u00edos adhiere al R\u00e9gimen de Incentivo para Grandes Inversiones (RIGI)<\/strong><\/em><\/p>\n<p>&nbsp;<\/p>\n<p>&nbsp;<\/p>\n<p>Los senadores fueron citados a Sesi\u00f3n Especial para este mi\u00e9rcoles 6 de noviembre\u00a0 a las 19 para dar tratamiento al proyecto de ley por el que Entre R\u00edos se adhiere al R\u00e9gimen de Incentivo para Grandes Inversiones (RIGI) y una iniciativa que crea el R\u00e9gimen de Incentivo de Nuevas Inversiones (RINI), una suerte de RIGI entrerriano. Ambos proyectos tienen media sanci\u00f3n de la C\u00e1mara de Diputados desde multas de agosto.<\/p>\n<p>Y como sucedi\u00f3 en otras oportunidades, nuevamente habr\u00e1 protestas en el recinto para tratar de evitar la sanci\u00f3n de estos reg\u00edmenes: \u201cEntre R\u00edos merece un desarrollo acorde a las necesidades de las y los entrerrianos, y no a los caprichos de las corporaciones. Por eso le decimos no a estos proyectos coloniales, de saqueo, contaminaci\u00f3n y explotaci\u00f3n. Sumate este mi\u00e9rcoles y que los senadores rechacen este proyecto\u201d, afirman desde la Red Ecosocialista del MST.<\/p>\n<p>Hace m\u00e1s de dos meses que el Senado viene debatiendo estos reg\u00edmenes y ha convocado a diversos sectores a las reuniones de comisi\u00f3n para escuchar las diferentes posturas que hay sobre los proyectos.<\/p>\n<p>Hace tres semanas estaba todo dado para que los proyectos sean sancionados, pero la sesi\u00f3n no se constituy\u00f3 por falta de qu\u00f3rum, lo cual fue celebrada por la Coordinadora contra el RIGI y el RINI: \u201cLa presi\u00f3n popular hizo que se nos escuche y vamos a redoblar los esfuerzos para que este proyecto se caiga y no haya ning\u00fan intento m\u00e1s de ampliar el saqueo y la contaminaci\u00f3n en la provincia\u201d, destacaron.<\/p>\n<p>Quienes faltaron a la sesi\u00f3n fueron los propios legisladores oficialistas, decisi\u00f3n que fue cuestionada por sus pares del justicialismo, quienes dejaron asentado su rechazo al combo RIGI\/RINI e insisten en un proyecto propio de Promoci\u00f3n Industrial que contempla incentivos fiscales, promoci\u00f3n del empleo y cuidado de los recursos naturales de Entre R\u00edos.<\/p>\n<p>El 29 de octubre hubo otro intento fallido y de nueva la C\u00e1mara de Senadores de Entre R\u00edos no pudo tratar la adhesi\u00f3n al RIGI ni la implementaci\u00f3n del RINI: el bloque del PJ se levant\u00f3 al momento de la votaci\u00f3n, lo que dej\u00f3 sin qu\u00f3rum la sesi\u00f3n.<\/p>\n<p>\u201cNo podemos avalar un cheque en blanco para las grandes inversiones. Nuestra Constituci\u00f3n defiende el derecho al agua potable y los recursos naturales. Coincidimos plenamente con la necesidad de contar con incentivos para generar m\u00e1s inversiones en la provincia y promover el empleo, m\u00e1s que nunca, en momentos tan dif\u00edciles como los que estamos viviendo\u201d, afirm\u00f3 d\u00edas atr\u00e1s el presidente del bloque, Mart\u00edn Oliva, quien ratific\u00f3 que Intentar\u00e1n que avance el proyecto que impulsan sobre promoci\u00f3n industrial.<\/p>\n","protected":false},"excerpt":{"rendered":"<p>\u201cAhora s\u00ed, que la tercera sea la vencida y la adhesi\u00f3n al RIGI y la creaci\u00f3n del RINI se caigan\u201d, anunciaron desde la Red Ecosocialista\/MST y convocan a concentrarse este mi\u00e9rcoles a las 18:30 en el marco de la sesi\u00f3n prevista por la C\u00e1mara de Senadores para tratar el proyecto de ley por el que Entre R\u00edos adhiere al R\u00e9gimen de Incentivo para Grandes Inversiones (RIGI) &nbsp; &nbsp; Los senadores fueron citados a Sesi\u00f3n Especial para este mi\u00e9rcoles 6 de noviembre\u00a0 a las 19 para dar tratamiento al proyecto de&#8230;<\/p>\n","protected":false},"author":3,"featured_media":122305,"comment_status":"closed","ping_status":"closed","sticky":false,"template":"","format":"standard","meta":[],"categories":[15],"tags":[],"_links":{"self":[{"href":"https:\/\/www.actualidadadiario.com\/index.php\/wp-json\/wp\/v2\/posts\/122383"}],"collection":[{"href":"https:\/\/www.actualidadadiario.com\/index.php\/wp-json\/wp\/v2\/posts"}],"about":[{"href":"https:\/\/www.actualidadadiario.com\/index.php\/wp-json\/wp\/v2\/types\/post"}],"author":[{"embeddable":true,"href":"https:\/\/www.actualidadadiario.com\/index.php\/wp-json\/wp\/v2\/users\/3"}],"replies":[{"embeddable":true,"href":"https:\/\/www.actualidadadiario.com\/index.php\/wp-json\/wp\/v2\/comments?post=122383"}],"version-history":[{"count":1,"href":"https:\/\/www.actualidadadiario.com\/index.php\/wp-json\/wp\/v2\/posts\/122383\/revisions"}],"predecessor-version":[{"id":122384,"href":"https:\/\/www.actualidadadiario.com\/index.php\/wp-json\/wp\/v2\/posts\/122383\/revisions\/122384"}],"wp:featuredmedia":[{"embeddable":true,"href":"https:\/\/www.actualidadadiario.com\/index.php\/wp-json\/wp\/v2\/media\/122305"}],"wp:attachment":[{"href":"https:\/\/www.actualidadadiario.com\/index.php\/wp-json\/wp\/v2\/media?parent=122383"}],"wp:term":[{"taxonomy":"category","embeddable":true,"href":"https:\/\/www.actualidadadiario.com\/index.php\/wp-json\/wp\/v2\/categories?post=122383"},{"taxonomy":"post_tag","embeddable":true,"href":"https:\/\/www.actualidadadiario.com\/index.php\/wp-json\/wp\/v2\/tags?post=122383"}],"curies":[{"name":"wp","href":"https:\/\/api.w.org\/{rel}","templated":true}]}}