{"id":122380,"date":"2024-11-06T12:58:22","date_gmt":"2024-11-06T15:58:22","guid":{"rendered":"https:\/\/www.actualidadadiario.com\/?p=122380"},"modified":"2024-11-06T12:58:22","modified_gmt":"2024-11-06T15:58:22","slug":"frigerio-presenta-hoy-su-libro-sonar-en-grande","status":"publish","type":"post","link":"https:\/\/www.actualidadadiario.com\/index.php\/2024\/11\/06\/frigerio-presenta-hoy-su-libro-sonar-en-grande\/","title":{"rendered":"Frigerio presenta hoy su libro &#8220;So\u00f1ar en grande&#8221;"},"content":{"rendered":"<p style=\"text-align: center;\"><em><strong>El gobernador de Entre R\u00edos presentar\u00e1 su libro este mi\u00e9rcoles a las 18 en la librer\u00eda El Ateneo, en el shopping Paso del Paran\u00e1. La obra del mandatario trata sobre su visi\u00f3n para Argentina y su perspectiva como pol\u00edtico<\/strong><\/em><\/p>\n<p>&nbsp;<\/p>\n<p>&nbsp;<\/p>\n<p>El libro &#8220;So\u00f1ar en grande&#8221; de Rogelio Frigerio expone su visi\u00f3n sobre Argentina y su enfoque pol\u00edtico. El mandatario describe sus propuestas para mejorar la econom\u00eda, la educaci\u00f3n y la infraestructura del pa\u00eds, y c\u00f3mo estos cambios podr\u00edan generar un futuro de crecimiento. Dentro del texto tambi\u00e9n relata experiencias personales y aprendizajes en la pol\u00edtica.<\/p>\n<p>La presentaci\u00f3n del libro ser\u00e1 este mi\u00e9rcoles a las 18 en la librer\u00eda &#8220;El Ateneo&#8221; del Shopping Paso del Paran\u00e1 de la capital entrerriana.<\/p>\n<p>&nbsp;<\/p>\n<p><strong>Rese\u00f1a<\/strong><\/p>\n<p>\u201cDicen que la motivaci\u00f3n es aquello que impulsa gran parte de nuestras acciones, y que \u00e9sta es m\u00e1s fuerte y genuina cuando proviene de cada uno de nosotros y no de una imposici\u00f3n externa. Yo creo que, en la conjunci\u00f3n de las aspiraciones y las voluntades individuales, reside la fuerza que motoriza el desarrollo de las naciones. A lo largo de mi trayectoria tuve el honor de vivir experiencias enriquecedoras\u201d.<\/p>\n<p>\u201cConsciente de las limitaciones que conlleva sintetizar este recorrido, sinti\u00f3 la necesidad de transmitir aunque sea una parte de lo aprendido en \u00e9l. Porque fue ese camino el que me trajo hasta la gobernaci\u00f3n de Entre R\u00edos y el que fortaleci\u00f3 mi convicci\u00f3n de que los argentinos tenemos un potencial muy grande\u201d, expres\u00f3 el mandatario.<\/p>\n<p>\u201cSi nos atrevemos a avanzar en esa direcci\u00f3n, llevaremos adelante acciones transformadoras. De esas que duran para siempre. Los invitamos a ser parte de este recorrido&#8221;.<\/p>\n<p>Tambi\u00e9n cit\u00f3 al expresidente Arturo Frondizi: \u201cDos perspectivas se abren para nuestra patria. O seguimos paralizados en nuestro desarrollo empobreci\u00e9ndonos paulatinamente, estancados en nuestras pasiones, descre\u00eddos en nuestra propia y capacidad nos despe\u00f1amos en el atraso y la desintegraci\u00f3n nacional; o, en cambio, cobramos conciencia de la realidad, imprimimos un en\u00e9rgico impulso y nos lanzamos con decisi\u00f3n y coraje a la conquista del futuro por el camino del progreso y de la grandeza del pa\u00eds<\/p>\n<p>\u201cEn estas palabras\u201d se expresa, con s\u00edntesis y convicci\u00f3n, el camino que tom\u00f3 la Argentina durante la gesti\u00f3n de Frondizi, que no es otra cosa que el coraz\u00f3n del desarrollismo. Es una disyuntiva que sigue vigente: d\u00e9cadas m\u00e1s tarde, los argentinos siguen teniendo frente a nosotros la posibilidad de continuar detenidos en el tiempo o la de impulsar nuestro crecimiento; tenemos problem\u00e1ticas similares a las que ten\u00edamos hace m\u00e1s de medio siglo y la misma necesidad de aquel entonces de abrazar un objetivo bien claro: el desarrollo de la Naci\u00f3n\u201d, concluy\u00f3 Frigerio.<\/p>\n","protected":false},"excerpt":{"rendered":"<p>El gobernador de Entre R\u00edos presentar\u00e1 su libro este mi\u00e9rcoles a las 18 en la librer\u00eda El Ateneo, en el shopping Paso del Paran\u00e1. La obra del mandatario trata sobre su visi\u00f3n para Argentina y su perspectiva como pol\u00edtico &nbsp; &nbsp; El libro &#8220;So\u00f1ar en grande&#8221; de Rogelio Frigerio expone su visi\u00f3n sobre Argentina y su enfoque pol\u00edtico. El mandatario describe sus propuestas para mejorar la econom\u00eda, la educaci\u00f3n y la infraestructura del pa\u00eds, y c\u00f3mo estos cambios podr\u00edan generar un futuro de crecimiento. Dentro del texto tambi\u00e9n relata experiencias&#8230;<\/p>\n","protected":false},"author":3,"featured_media":122381,"comment_status":"closed","ping_status":"closed","sticky":false,"template":"","format":"standard","meta":[],"categories":[15],"tags":[],"_links":{"self":[{"href":"https:\/\/www.actualidadadiario.com\/index.php\/wp-json\/wp\/v2\/posts\/122380"}],"collection":[{"href":"https:\/\/www.actualidadadiario.com\/index.php\/wp-json\/wp\/v2\/posts"}],"about":[{"href":"https:\/\/www.actualidadadiario.com\/index.php\/wp-json\/wp\/v2\/types\/post"}],"author":[{"embeddable":true,"href":"https:\/\/www.actualidadadiario.com\/index.php\/wp-json\/wp\/v2\/users\/3"}],"replies":[{"embeddable":true,"href":"https:\/\/www.actualidadadiario.com\/index.php\/wp-json\/wp\/v2\/comments?post=122380"}],"version-history":[{"count":1,"href":"https:\/\/www.actualidadadiario.com\/index.php\/wp-json\/wp\/v2\/posts\/122380\/revisions"}],"predecessor-version":[{"id":122382,"href":"https:\/\/www.actualidadadiario.com\/index.php\/wp-json\/wp\/v2\/posts\/122380\/revisions\/122382"}],"wp:featuredmedia":[{"embeddable":true,"href":"https:\/\/www.actualidadadiario.com\/index.php\/wp-json\/wp\/v2\/media\/122381"}],"wp:attachment":[{"href":"https:\/\/www.actualidadadiario.com\/index.php\/wp-json\/wp\/v2\/media?parent=122380"}],"wp:term":[{"taxonomy":"category","embeddable":true,"href":"https:\/\/www.actualidadadiario.com\/index.php\/wp-json\/wp\/v2\/categories?post=122380"},{"taxonomy":"post_tag","embeddable":true,"href":"https:\/\/www.actualidadadiario.com\/index.php\/wp-json\/wp\/v2\/tags?post=122380"}],"curies":[{"name":"wp","href":"https:\/\/api.w.org\/{rel}","templated":true}]}}