{"id":122377,"date":"2024-11-06T12:55:59","date_gmt":"2024-11-06T15:55:59","guid":{"rendered":"https:\/\/www.actualidadadiario.com\/?p=122377"},"modified":"2024-11-06T12:55:59","modified_gmt":"2024-11-06T15:55:59","slug":"continua-el-analisis-del-proyecto-que-establece-la-reforma-del-sistema-politico-entrerriano","status":"publish","type":"post","link":"https:\/\/www.actualidadadiario.com\/index.php\/2024\/11\/06\/continua-el-analisis-del-proyecto-que-establece-la-reforma-del-sistema-politico-entrerriano\/","title":{"rendered":"Contin\u00faa el an\u00e1lisis del proyecto que establece la reforma del sistema pol\u00edtico entrerriano"},"content":{"rendered":"<p style=\"text-align: center;\"><em><strong>Los diputados continuaron con el an\u00e1lisis y la b\u00fasqueda de consenso en torno al proyecto de ley que propone el C\u00f3digo Electoral en la provincia<\/strong><\/em><\/p>\n<p>&nbsp;<\/p>\n<p>&nbsp;<\/p>\n<p>En un nuevo encuentro que reuni\u00f3 a los miembros de las comisiones de Legislaci\u00f3n General y de Asuntos Constitucionales, Juicio Pol\u00edtico y Peticiones, Poderes y Reglamento, que presiden Marcelo L\u00f3pez y Gabriela Lena respectivamente; continu\u00f3 el an\u00e1lisis del proyecto de ley enviado por el Ejecutivo y que propone el C\u00f3digo Electoral en la provincia.<\/p>\n<p>En esta oportunidad, fueron invitados a participar de la reuni\u00f3n conjunta, Juli\u00e1n Maneiro, secretario de Asuntos Pol\u00edticos y Fanny Maidana, directora de Reforma Pol\u00edtica. En el encuentro de este martes la comisi\u00f3n recibi\u00f3 adem\u00e1s las inquietudes de los legisladores de los distintos bloques.<\/p>\n<p>En este sentido la diputada Lena se\u00f1al\u00f3: \u201cEstamos haciendo un minucioso trabajo de an\u00e1lisis a partir de ir examinando art\u00edculo por art\u00edculo, escuchando qu\u00e9 tiene para decir cada diputado y diputada, sabiendo que nos demanda m\u00e1s tiempo, pero nos servir\u00e1 para garantizar el necesario debate que el proyecto requiere, siempre en busca del mayor consenso\u201d.<\/p>\n<p>La reforma electoral comprende el cambio del sistema de votaci\u00f3n, con la incorporaci\u00f3n de la Boleta \u00danica de Papel en reemplazo de la actual boleta s\u00e1bana, adem\u00e1s de la regulaci\u00f3n de las campa\u00f1as electorales y su financiamiento, entre muchos otros puntos que se debaten con la incorporaci\u00f3n de todas las voces para lograr una norma con el mayor acuerdo posible, que sea duradera y que beneficie a los entrerrianos.<\/p>\n","protected":false},"excerpt":{"rendered":"<p>Los diputados continuaron con el an\u00e1lisis y la b\u00fasqueda de consenso en torno al proyecto de ley que propone el C\u00f3digo Electoral en la provincia &nbsp; &nbsp; En un nuevo encuentro que reuni\u00f3 a los miembros de las comisiones de Legislaci\u00f3n General y de Asuntos Constitucionales, Juicio Pol\u00edtico y Peticiones, Poderes y Reglamento, que presiden Marcelo L\u00f3pez y Gabriela Lena respectivamente; continu\u00f3 el an\u00e1lisis del proyecto de ley enviado por el Ejecutivo y que propone el C\u00f3digo Electoral en la provincia. En esta oportunidad, fueron invitados a participar de la&#8230;<\/p>\n","protected":false},"author":3,"featured_media":122378,"comment_status":"closed","ping_status":"closed","sticky":false,"template":"","format":"standard","meta":[],"categories":[15],"tags":[],"_links":{"self":[{"href":"https:\/\/www.actualidadadiario.com\/index.php\/wp-json\/wp\/v2\/posts\/122377"}],"collection":[{"href":"https:\/\/www.actualidadadiario.com\/index.php\/wp-json\/wp\/v2\/posts"}],"about":[{"href":"https:\/\/www.actualidadadiario.com\/index.php\/wp-json\/wp\/v2\/types\/post"}],"author":[{"embeddable":true,"href":"https:\/\/www.actualidadadiario.com\/index.php\/wp-json\/wp\/v2\/users\/3"}],"replies":[{"embeddable":true,"href":"https:\/\/www.actualidadadiario.com\/index.php\/wp-json\/wp\/v2\/comments?post=122377"}],"version-history":[{"count":1,"href":"https:\/\/www.actualidadadiario.com\/index.php\/wp-json\/wp\/v2\/posts\/122377\/revisions"}],"predecessor-version":[{"id":122379,"href":"https:\/\/www.actualidadadiario.com\/index.php\/wp-json\/wp\/v2\/posts\/122377\/revisions\/122379"}],"wp:featuredmedia":[{"embeddable":true,"href":"https:\/\/www.actualidadadiario.com\/index.php\/wp-json\/wp\/v2\/media\/122378"}],"wp:attachment":[{"href":"https:\/\/www.actualidadadiario.com\/index.php\/wp-json\/wp\/v2\/media?parent=122377"}],"wp:term":[{"taxonomy":"category","embeddable":true,"href":"https:\/\/www.actualidadadiario.com\/index.php\/wp-json\/wp\/v2\/categories?post=122377"},{"taxonomy":"post_tag","embeddable":true,"href":"https:\/\/www.actualidadadiario.com\/index.php\/wp-json\/wp\/v2\/tags?post=122377"}],"curies":[{"name":"wp","href":"https:\/\/api.w.org\/{rel}","templated":true}]}}