{"id":122375,"date":"2024-11-06T12:54:40","date_gmt":"2024-11-06T15:54:40","guid":{"rendered":"https:\/\/www.actualidadadiario.com\/?p=122375"},"modified":"2024-11-06T12:54:40","modified_gmt":"2024-11-06T15:54:40","slug":"gobierno-y-gremios-se-reunen-hoy-por-el-relevamiento-sobre-ausentismo-docente","status":"publish","type":"post","link":"https:\/\/www.actualidadadiario.com\/index.php\/2024\/11\/06\/gobierno-y-gremios-se-reunen-hoy-por-el-relevamiento-sobre-ausentismo-docente\/","title":{"rendered":"Gobierno y gremios se re\u00fanen hoy por el relevamiento sobre ausentismo docente"},"content":{"rendered":"<p style=\"text-align: center;\"><em><strong>En el encuentro, que tendr\u00e1 lugar en el Consejo General de Educaci\u00f3n (CGE) a las 15 horas, se abordar\u00e1 la Resoluci\u00f3n 2771\/24, que dispone la presentaci\u00f3n de declaraciones juradas en las escuelas respecto a la prestaci\u00f3n de servicio, como mecanismo para definir el nivel de ausentismo<\/strong><\/em><\/p>\n<p>&nbsp;<\/p>\n<p>&nbsp;<\/p>\n<p>La reuni\u00f3n fue confirmada por la Asociaci\u00f3n Gremial del Magisterio de Entre R\u00edos (Agmer), que indic\u00f3 que se tratar\u00e1n los alcances relacionados con la normativa que establece la realizaci\u00f3n de un relevamiento mensual sobre la prestaci\u00f3n de servicios docentes y no docentes en las instituciones educativas de la provincia, tanto p\u00fablica como privada.<\/p>\n<p>Los gremios docentes expresaron su rechazo a la medida, pero el Gobierno no tendr\u00eda intenciones de retroceder. En la reuni\u00f3n paritaria que tuvo lugar la semana pasada el ministro de Gobierno, Manuel Troncoso, asever\u00f3 que \u201cno hay vuelta atr\u00e1s\u201d sobre la resoluci\u00f3n, que es una decisi\u00f3n pol\u00edtica del gobernador Frigerio y que el sistema anterior era &#8220;medieval&#8221;.<\/p>\n<p>\u201cEs un derecho del empleador saber qui\u00e9n asiste y qui\u00e9n no a clases\u201d, indic\u00f3 el Ministro y afirm\u00f3 que la reuni\u00f3n de este mi\u00e9rcoles ser\u00e1 para discutir con los gremios sobre la perfectibilidad del sistema.<\/p>\n","protected":false},"excerpt":{"rendered":"<p>En el encuentro, que tendr\u00e1 lugar en el Consejo General de Educaci\u00f3n (CGE) a las 15 horas, se abordar\u00e1 la Resoluci\u00f3n 2771\/24, que dispone la presentaci\u00f3n de declaraciones juradas en las escuelas respecto a la prestaci\u00f3n de servicio, como mecanismo para definir el nivel de ausentismo &nbsp; &nbsp; La reuni\u00f3n fue confirmada por la Asociaci\u00f3n Gremial del Magisterio de Entre R\u00edos (Agmer), que indic\u00f3 que se tratar\u00e1n los alcances relacionados con la normativa que establece la realizaci\u00f3n de un relevamiento mensual sobre la prestaci\u00f3n de servicios docentes y no docentes&#8230;<\/p>\n","protected":false},"author":3,"featured_media":122023,"comment_status":"closed","ping_status":"closed","sticky":false,"template":"","format":"standard","meta":[],"categories":[15],"tags":[],"_links":{"self":[{"href":"https:\/\/www.actualidadadiario.com\/index.php\/wp-json\/wp\/v2\/posts\/122375"}],"collection":[{"href":"https:\/\/www.actualidadadiario.com\/index.php\/wp-json\/wp\/v2\/posts"}],"about":[{"href":"https:\/\/www.actualidadadiario.com\/index.php\/wp-json\/wp\/v2\/types\/post"}],"author":[{"embeddable":true,"href":"https:\/\/www.actualidadadiario.com\/index.php\/wp-json\/wp\/v2\/users\/3"}],"replies":[{"embeddable":true,"href":"https:\/\/www.actualidadadiario.com\/index.php\/wp-json\/wp\/v2\/comments?post=122375"}],"version-history":[{"count":1,"href":"https:\/\/www.actualidadadiario.com\/index.php\/wp-json\/wp\/v2\/posts\/122375\/revisions"}],"predecessor-version":[{"id":122376,"href":"https:\/\/www.actualidadadiario.com\/index.php\/wp-json\/wp\/v2\/posts\/122375\/revisions\/122376"}],"wp:featuredmedia":[{"embeddable":true,"href":"https:\/\/www.actualidadadiario.com\/index.php\/wp-json\/wp\/v2\/media\/122023"}],"wp:attachment":[{"href":"https:\/\/www.actualidadadiario.com\/index.php\/wp-json\/wp\/v2\/media?parent=122375"}],"wp:term":[{"taxonomy":"category","embeddable":true,"href":"https:\/\/www.actualidadadiario.com\/index.php\/wp-json\/wp\/v2\/categories?post=122375"},{"taxonomy":"post_tag","embeddable":true,"href":"https:\/\/www.actualidadadiario.com\/index.php\/wp-json\/wp\/v2\/tags?post=122375"}],"curies":[{"name":"wp","href":"https:\/\/api.w.org\/{rel}","templated":true}]}}