{"id":122373,"date":"2024-11-06T12:53:51","date_gmt":"2024-11-06T15:53:51","guid":{"rendered":"https:\/\/www.actualidadadiario.com\/?p=122373"},"modified":"2024-11-06T12:53:51","modified_gmt":"2024-11-06T15:53:51","slug":"rige-una-alerta-amarilla-para-este-miercoles-en-algunos-departamentos","status":"publish","type":"post","link":"https:\/\/www.actualidadadiario.com\/index.php\/2024\/11\/06\/rige-una-alerta-amarilla-para-este-miercoles-en-algunos-departamentos\/","title":{"rendered":"Rige una alerta amarilla para este mi\u00e9rcoles en algunos departamentos"},"content":{"rendered":"<p style=\"text-align: center;\"><em><strong>El Servicio Meteorol\u00f3gico Nacional (SMN) comunic\u00f3 que est\u00e1 vigente una alerta amarilla por tormentas para este mi\u00e9rcoles para una zona de la provincia de Entre R\u00edos. El pron\u00f3stico alcanza a los departamentos Concordia, Federal, Federaci\u00f3n, Feliciano y San Salvador<\/strong><\/em><\/p>\n<p>&nbsp;<\/p>\n<p>&nbsp;<\/p>\n<p>El reporte indica que el \u00e1rea ser\u00e1 afectada por tormentas de variada intensidad, algunas localmente fuertes, las que pueden estar acompa\u00f1adas por actividad el\u00e9ctrica frecuente, ocasional ca\u00edda de granizo, r\u00e1fagas intensas y abundante ca\u00edda de agua en cortos per\u00edodos.<\/p>\n<p>Se estiman valores de precipitaci\u00f3n acumulada entre 30 y 70 mm, pudiendo ser superados en forma local.<\/p>\n<p>&nbsp;<\/p>\n<p><strong>Recomendaciones:<\/strong><\/p>\n<p>1- No sacar la basura. Retirar objetos que impidan que el agua escurra.<\/p>\n<p>2- Evitar actividades al aire libre.<\/p>\n<p>3- No refugiarse cerca de \u00e1rboles y postes de electricidad que puedan caerse.<\/p>\n<p>4- Para minimizar el riesgo de ser alcanzado por un rayo, no permanecer en playas, r\u00edos, lagunas o piletas.<\/p>\n<p>5- Estar atento ante la posible ca\u00edda de granizo.<\/p>\n<p>6- Informarse por las autoridades.<\/p>\n<p>7-Tener siempre lista una mochila de emergencias con linterna, radio, documentos y tel\u00e9fono.<\/p>\n","protected":false},"excerpt":{"rendered":"<p>El Servicio Meteorol\u00f3gico Nacional (SMN) comunic\u00f3 que est\u00e1 vigente una alerta amarilla por tormentas para este mi\u00e9rcoles para una zona de la provincia de Entre R\u00edos. El pron\u00f3stico alcanza a los departamentos Concordia, Federal, Federaci\u00f3n, Feliciano y San Salvador &nbsp; &nbsp; El reporte indica que el \u00e1rea ser\u00e1 afectada por tormentas de variada intensidad, algunas localmente fuertes, las que pueden estar acompa\u00f1adas por actividad el\u00e9ctrica frecuente, ocasional ca\u00edda de granizo, r\u00e1fagas intensas y abundante ca\u00edda de agua en cortos per\u00edodos. Se estiman valores de precipitaci\u00f3n acumulada entre 30 y 70&#8230;<\/p>\n","protected":false},"author":3,"featured_media":119272,"comment_status":"closed","ping_status":"closed","sticky":false,"template":"","format":"standard","meta":[],"categories":[15],"tags":[],"_links":{"self":[{"href":"https:\/\/www.actualidadadiario.com\/index.php\/wp-json\/wp\/v2\/posts\/122373"}],"collection":[{"href":"https:\/\/www.actualidadadiario.com\/index.php\/wp-json\/wp\/v2\/posts"}],"about":[{"href":"https:\/\/www.actualidadadiario.com\/index.php\/wp-json\/wp\/v2\/types\/post"}],"author":[{"embeddable":true,"href":"https:\/\/www.actualidadadiario.com\/index.php\/wp-json\/wp\/v2\/users\/3"}],"replies":[{"embeddable":true,"href":"https:\/\/www.actualidadadiario.com\/index.php\/wp-json\/wp\/v2\/comments?post=122373"}],"version-history":[{"count":1,"href":"https:\/\/www.actualidadadiario.com\/index.php\/wp-json\/wp\/v2\/posts\/122373\/revisions"}],"predecessor-version":[{"id":122374,"href":"https:\/\/www.actualidadadiario.com\/index.php\/wp-json\/wp\/v2\/posts\/122373\/revisions\/122374"}],"wp:featuredmedia":[{"embeddable":true,"href":"https:\/\/www.actualidadadiario.com\/index.php\/wp-json\/wp\/v2\/media\/119272"}],"wp:attachment":[{"href":"https:\/\/www.actualidadadiario.com\/index.php\/wp-json\/wp\/v2\/media?parent=122373"}],"wp:term":[{"taxonomy":"category","embeddable":true,"href":"https:\/\/www.actualidadadiario.com\/index.php\/wp-json\/wp\/v2\/categories?post=122373"},{"taxonomy":"post_tag","embeddable":true,"href":"https:\/\/www.actualidadadiario.com\/index.php\/wp-json\/wp\/v2\/tags?post=122373"}],"curies":[{"name":"wp","href":"https:\/\/api.w.org\/{rel}","templated":true}]}}