{"id":12236,"date":"2017-05-30T10:17:01","date_gmt":"2017-05-30T13:17:01","guid":{"rendered":"http:\/\/actualidadadiario.com\/site\/?p=12236"},"modified":"2017-05-30T10:17:01","modified_gmt":"2017-05-30T13:17:01","slug":"que-se-elige-y-cuando-se-vota-en-cada-una-de-las-provincias","status":"publish","type":"post","link":"https:\/\/www.actualidadadiario.com\/index.php\/2017\/05\/30\/que-se-elige-y-cuando-se-vota-en-cada-una-de-las-provincias\/","title":{"rendered":"Qu\u00e9 se elige y cu\u00e1ndo se vota en cada una de las provincias"},"content":{"rendered":"<p><em><strong>Durante este a\u00f1o se llevar\u00e1n a cabo elecciones nacionales en todo el territorio argentino, pero adem\u00e1s dos provincias eligen cargos ejecutivos y los habitantes de 15 distritos van a las urnas para participar en comicios locales<\/strong><\/em><\/p>\n<p>&nbsp;<\/p>\n<p>&nbsp;<\/p>\n<p>&nbsp;<\/p>\n<p>El 2017 es un a\u00f1o electoral para toda la Argentina. Los habitantes de todo el pa\u00eds votar\u00e1n, primero en las PASO y luego en generales, cargos legislativos a nivel nacional. Tambi\u00e9n habr\u00e1 comicios locales en 15 provincias: 13 elegir\u00e1n cargos provinciales y municipales y dos, s\u00f3lo municipales.<\/p>\n<p>&nbsp;<\/p>\n<p>Adem\u00e1s, dos distritos elegir\u00e1n cargos ejecutivos: tanto Santiago del Estero como Corrientes votar\u00e1n gobernador y vice.<\/p>\n<p>&nbsp;<\/p>\n<p>El pr\u00f3ximo domingo ser\u00e1 hora de ir a las urnas para los habitantes de La Rioja, que elegir\u00e1n a 18 legisladores; de Chaco, quienes tendr\u00e1n las PASO provinciales; y de las ciudades de Corrientes capital y Ancasti (Catamarca), quienes elegir\u00e1n cargos ejecutivos municipales.<\/p>\n<p>&nbsp;<\/p>\n<p>&nbsp;<\/p>\n<p><strong>C\u00f3mo sigue el cronograma a nivel nacional<\/strong><\/p>\n<p>La pr\u00f3xima fecha en el cronograma electoral es el 14 de junio, cuando vence el plazo para solicitar el reconocimiento de alianzas transitorias y confederaciones para participar en los comicios. Hasta el 19 del mismo mes se puede pedir la asignaci\u00f3n de los colores de las boletas para las PASO y las generales.<\/p>\n<p>&nbsp;<\/p>\n<p>El 24 de junio, en tanto, concluye el plazo para la presentaci\u00f3n de listas de precandidatos ante las juntas electorales partidarias.<\/p>\n<p>&nbsp;<\/p>\n<p>Quince d\u00edas antes del inicio de la campa\u00f1a, el 9 de julio, ser\u00e1 la fecha l\u00edmite para asignar espacios de publicidad en medios de comunicaci\u00f3n audiovisual por sorteo p\u00fablico por la Direcci\u00f3n Nacional Electoral.<\/p>\n<p>&nbsp;<\/p>\n<p>Y el 14 de julio ser\u00e1 el d\u00eda en que se designen las autoridades de mesa y comience oficialmente la campa\u00f1a electoral para las primarias abiertas, simult\u00e1neas y obligatorias, que se realizar\u00e1n el 13 de agosto.<\/p>\n<p>&nbsp;<\/p>\n<p>La fecha dispuesta para las elecciones generales es el 22 de octubre y se estableci\u00f3 el 17 de septiembre como inicio de la campa\u00f1a.<\/p>\n","protected":false},"excerpt":{"rendered":"<p>Durante este a\u00f1o se llevar\u00e1n a cabo elecciones nacionales en todo el territorio argentino, pero adem\u00e1s dos provincias eligen cargos ejecutivos y los habitantes de 15 distritos van a las urnas para participar en comicios locales &nbsp; &nbsp; &nbsp; El 2017 es un a\u00f1o electoral para toda la Argentina. Los habitantes de todo el pa\u00eds votar\u00e1n, primero en las PASO y luego en generales, cargos legislativos a nivel nacional. Tambi\u00e9n habr\u00e1 comicios locales en 15 provincias: 13 elegir\u00e1n cargos provinciales y municipales y dos, s\u00f3lo municipales. &nbsp; Adem\u00e1s, dos distritos&#8230;<\/p>\n","protected":false},"author":3,"featured_media":12237,"comment_status":"closed","ping_status":"closed","sticky":false,"template":"","format":"standard","meta":[],"categories":[2],"tags":[],"_links":{"self":[{"href":"https:\/\/www.actualidadadiario.com\/index.php\/wp-json\/wp\/v2\/posts\/12236"}],"collection":[{"href":"https:\/\/www.actualidadadiario.com\/index.php\/wp-json\/wp\/v2\/posts"}],"about":[{"href":"https:\/\/www.actualidadadiario.com\/index.php\/wp-json\/wp\/v2\/types\/post"}],"author":[{"embeddable":true,"href":"https:\/\/www.actualidadadiario.com\/index.php\/wp-json\/wp\/v2\/users\/3"}],"replies":[{"embeddable":true,"href":"https:\/\/www.actualidadadiario.com\/index.php\/wp-json\/wp\/v2\/comments?post=12236"}],"version-history":[{"count":1,"href":"https:\/\/www.actualidadadiario.com\/index.php\/wp-json\/wp\/v2\/posts\/12236\/revisions"}],"predecessor-version":[{"id":12238,"href":"https:\/\/www.actualidadadiario.com\/index.php\/wp-json\/wp\/v2\/posts\/12236\/revisions\/12238"}],"wp:featuredmedia":[{"embeddable":true,"href":"https:\/\/www.actualidadadiario.com\/index.php\/wp-json\/wp\/v2\/media\/12237"}],"wp:attachment":[{"href":"https:\/\/www.actualidadadiario.com\/index.php\/wp-json\/wp\/v2\/media?parent=12236"}],"wp:term":[{"taxonomy":"category","embeddable":true,"href":"https:\/\/www.actualidadadiario.com\/index.php\/wp-json\/wp\/v2\/categories?post=12236"},{"taxonomy":"post_tag","embeddable":true,"href":"https:\/\/www.actualidadadiario.com\/index.php\/wp-json\/wp\/v2\/tags?post=12236"}],"curies":[{"name":"wp","href":"https:\/\/api.w.org\/{rel}","templated":true}]}}