{"id":122356,"date":"2024-11-05T15:16:52","date_gmt":"2024-11-05T18:16:52","guid":{"rendered":"https:\/\/www.actualidadadiario.com\/?p=122356"},"modified":"2024-11-05T15:17:07","modified_gmt":"2024-11-05T18:17:07","slug":"espana-los-distritos-afectados-sufren-las-consecuencias-de-las-inundaciones","status":"publish","type":"post","link":"https:\/\/www.actualidadadiario.com\/index.php\/2024\/11\/05\/espana-los-distritos-afectados-sufren-las-consecuencias-de-las-inundaciones\/","title":{"rendered":"Espa\u00f1a: los distritos afectados sufren las consecuencias de las inundaciones"},"content":{"rendered":"<p style=\"text-align: center;\"><em><strong>Una semana despu\u00e9s de las hist\u00f3ricas inundaciones, el n\u00famero provisional de muertos se elevaba a 218<\/strong><\/em><\/p>\n<p>&nbsp;<\/p>\n<p>&nbsp;<\/p>\n<p>La alcaldesa de Paiporta, Maribel Albalat, resumi\u00f3 la grave situaci\u00f3n de la localidad cercana a Valencia, considerada el epicentro de la reciente cat\u00e1strofe clim\u00e1tica, al afirmar: &#8220;estamos mejor, pero bien no estamos&#8221;.<\/p>\n<p>El distrito de 25.000 habitantes y que registr\u00f3 70 fallecidos por la cat\u00e1strofe clim\u00e1tica, ya hab\u00eda recuperado el agua potable pero no la electricidad en su totalidad. &#8220;Se han visto afectadas el 100% de las viviendas, el 100% de los comercios. Necesitamos maquinaria, necesitamos gente profesional que venga a limpiar las calles, para que las personas puedan bajar y puedan empezar a levantar sus casas, sus negocios&#8221;, Inform\u00f3 Albalat a la televisi\u00f3n p\u00fablica TVE.<\/p>\n<p>Para hacer frente al enorme costo de la cat\u00e1strofe, el Gobierno regional de Valencia ya dispuso 250 millones de euros (270 millones de d\u00f3lares), con exenciones fiscales y compensaciones. Asimismo, el Parlamento valid\u00f3 una ayuda directa de 30 millones de euros (32 millones de d\u00f3lares) para las personas afectadas.<\/p>\n<p>Y se esperaba que el presidente del Gobierno espa\u00f1ol, Pedro S\u00e1nchez, anunciara una serie de medidas para las zonas devastadas, adelant\u00f3 el sitio France 24.<\/p>\n<p>Una semana despu\u00e9s de las hist\u00f3ricas inundaciones, el n\u00famero provisional de muertos se elevaba a 218 fallecidos, 214 s\u00f3lo en Valencia, tres en Castilla-la-Mancha y uno en Andaluc\u00eda.<\/p>\n<p>Los juzgados ya hab\u00edan autorizado la entrega de &#8220;cerca de medio centenar de cad\u00e1veres&#8221; de los fallecidos a sus familiares, indic\u00f3 el Tribunal Superior de Justicia de Valencia en la red social X.\u00a0 Y la prioridad segu\u00eda siendo a\u00fan la localizaci\u00f3n de los desaparecidos, cuyo n\u00famero exacto no fue comunicado.<\/p>\n<p>Las operaciones se centraban en estacionamientos y construcciones subterr\u00e1neas, que se inundaron completamente y todav\u00eda no fueron del todo inspeccionados. La Unidad Militar de Emergencias (UME), un cuerpo que act\u00faa ante cat\u00e1strofes, instal\u00f3 numerosas bombas para disminuir el agua.<\/p>\n<p>En Picanya todav\u00eda hab\u00eda vecinos desaparecidos, revel\u00f3 Josep Almenar, el alcalde de la localidad, que una semana despu\u00e9s de las inundaciones continuaba luchando por &#8220;sacar la basura&#8221; y los autom\u00f3viles de las calles.<\/p>\n<p>La agencia estatal de meteorolog\u00eda, la Aemet, asegur\u00f3 el lunes que la &#8220;crisis meteorol\u00f3gica&#8221; sobre Valencia finalmente hab\u00eda terminado, pero la crisis continuaba.<\/p>\n<p>&#8220;Sexto d\u00eda ya, sexto d\u00eda, s\u00f3lo la gente ayuda, s\u00f3lo la gente, s\u00f3lo la solidaridad de la gente. \u00bfY los pol\u00edticos d\u00f3nde est\u00e1n? \u00bfD\u00f3nde est\u00e1n?&#8221;, se pregunt\u00f3 el lunes Matilde Gregori, due\u00f1a de una tienda destruida en la ciudad de Sedav\u00ed.<\/p>\n","protected":false},"excerpt":{"rendered":"<p>Una semana despu\u00e9s de las hist\u00f3ricas inundaciones, el n\u00famero provisional de muertos se elevaba a 218 &nbsp; &nbsp; La alcaldesa de Paiporta, Maribel Albalat, resumi\u00f3 la grave situaci\u00f3n de la localidad cercana a Valencia, considerada el epicentro de la reciente cat\u00e1strofe clim\u00e1tica, al afirmar: &#8220;estamos mejor, pero bien no estamos&#8221;. El distrito de 25.000 habitantes y que registr\u00f3 70 fallecidos por la cat\u00e1strofe clim\u00e1tica, ya hab\u00eda recuperado el agua potable pero no la electricidad en su totalidad. &#8220;Se han visto afectadas el 100% de las viviendas, el 100% de los&#8230;<\/p>\n","protected":false},"author":3,"featured_media":122357,"comment_status":"closed","ping_status":"closed","sticky":false,"template":"","format":"standard","meta":[],"categories":[4],"tags":[],"_links":{"self":[{"href":"https:\/\/www.actualidadadiario.com\/index.php\/wp-json\/wp\/v2\/posts\/122356"}],"collection":[{"href":"https:\/\/www.actualidadadiario.com\/index.php\/wp-json\/wp\/v2\/posts"}],"about":[{"href":"https:\/\/www.actualidadadiario.com\/index.php\/wp-json\/wp\/v2\/types\/post"}],"author":[{"embeddable":true,"href":"https:\/\/www.actualidadadiario.com\/index.php\/wp-json\/wp\/v2\/users\/3"}],"replies":[{"embeddable":true,"href":"https:\/\/www.actualidadadiario.com\/index.php\/wp-json\/wp\/v2\/comments?post=122356"}],"version-history":[{"count":2,"href":"https:\/\/www.actualidadadiario.com\/index.php\/wp-json\/wp\/v2\/posts\/122356\/revisions"}],"predecessor-version":[{"id":122359,"href":"https:\/\/www.actualidadadiario.com\/index.php\/wp-json\/wp\/v2\/posts\/122356\/revisions\/122359"}],"wp:featuredmedia":[{"embeddable":true,"href":"https:\/\/www.actualidadadiario.com\/index.php\/wp-json\/wp\/v2\/media\/122357"}],"wp:attachment":[{"href":"https:\/\/www.actualidadadiario.com\/index.php\/wp-json\/wp\/v2\/media?parent=122356"}],"wp:term":[{"taxonomy":"category","embeddable":true,"href":"https:\/\/www.actualidadadiario.com\/index.php\/wp-json\/wp\/v2\/categories?post=122356"},{"taxonomy":"post_tag","embeddable":true,"href":"https:\/\/www.actualidadadiario.com\/index.php\/wp-json\/wp\/v2\/tags?post=122356"}],"curies":[{"name":"wp","href":"https:\/\/api.w.org\/{rel}","templated":true}]}}