{"id":12233,"date":"2017-05-30T10:16:09","date_gmt":"2017-05-30T13:16:09","guid":{"rendered":"http:\/\/actualidadadiario.com\/site\/?p=12233"},"modified":"2017-05-30T10:16:09","modified_gmt":"2017-05-30T13:16:09","slug":"las-provincias-en-alerta-por-actividad-economica-que-no-despega","status":"publish","type":"post","link":"https:\/\/www.actualidadadiario.com\/index.php\/2017\/05\/30\/las-provincias-en-alerta-por-actividad-economica-que-no-despega\/","title":{"rendered":"Las provincias en alerta por actividad econ\u00f3mica que \u201cno despega\u201d"},"content":{"rendered":"<p><em><strong>Gobernadores encendieron luz de alarma por consecuencias en una menor recaudaci\u00f3n. Ante la inminencia del pago de aguinaldos, buscar\u00e1n demorar reintegro a Naci\u00f3n de fondos coparticipables<\/strong><\/em><\/p>\n<p>&nbsp;<\/p>\n<p>&nbsp;<\/p>\n<p>&nbsp;<\/p>\n<p>&nbsp;<\/p>\n<p>Con la presi\u00f3n adicional que les genera el inminente desaf\u00edo del primer medio aguinaldo, en despachos oficiales de las provincias siguen con preocupaci\u00f3n la marcha de la actividad econ\u00f3mica y advierten que-su &#8220;falta de despegue&#8221; rebota negativamente en la coparticipaci\u00f3n y la recaudaci\u00f3n local.<\/p>\n<p>&nbsp;<\/p>\n<p>Con ese como uno de los factores de presi\u00f3n sobre las finanzas locales, desde algunos distritos ya piden que la Casa Rosada extienda los plazos que tienen los gobernadores para devolver los anticipos con los que cubren las urgencias de caja.<\/p>\n<p>&nbsp;<\/p>\n<p>Los planteos emergen con mayor \u00e9nfasis desde distritos justicialistas, en el marco del embrionario trabajo en t\u00e1ndem de un grupo de mandatarios peronistas para, entre otros ejes, dar una batalla en bloque en defensa de los recursos de las provincias.<\/p>\n<p>&nbsp;<\/p>\n<p>En referencia a esos contactos, el chaque\u00f1o Domingo Peppo enfatiz\u00f3 en las \u00faltimas horas que &#8220;siempre se analizan cuestiones sobre los recursos federales que llegan a las provincias y que hacen a la gobernabilidad del pa\u00eds&#8221;.<\/p>\n<p>&nbsp;<\/p>\n<p>Las se\u00f1ales de alerta de los mandatarios crecen adem\u00e1s en el marco de la decisi\u00f3n de Balcarce 50 de apostar fuerte a una reducci\u00f3n gradual del d\u00e9ficit para acceder a un equilibrio fiscal en Naci\u00f3n y en las provincias en 2019.<\/p>\n<p>&nbsp;<\/p>\n<p>Parados en este nuevo escenario, Peppo blanque\u00f3 su intenci\u00f3n de plantear ante la administraci\u00f3n de Mauricio Macri &#8220;la necesidad de extender&#8221; el plazo de devoluci\u00f3n de los adelantos de coparticipaci\u00f3n, un &#8220;sistema&#8221; que les permite &#8220;generar la masa salarial para afrontar el pago de algo que es nuestra preocupaci\u00f3n&#8221;.<\/p>\n<p>&nbsp;<\/p>\n<p>&#8220;Pero inmediatamente despu\u00e9s, desde el d\u00eda 1 \u00f3 2 del mes siguiente Naci\u00f3n recupera el anticipo y nos deja sin caja&#8221;, enfatiz\u00f3.<\/p>\n<p>&nbsp;<\/p>\n<p>Se trata de una asistencia que despliega la Casa Rosada para permitir que distritos urgidos afronten necesidades de caja imperiosas, pero que debe ser devuelta (v\u00eda descuentos autom\u00e1ticos en los env\u00edos) al terminar el mes.<\/p>\n<p>&nbsp;<\/p>\n<p>Mientras tanto, en ese distrito con Nordeste -como en otras provincias- siguen con lupa el comportamiento de los recursos que ingresan a las arcas locales.<\/p>\n<p>&nbsp;<\/p>\n<p>En esa l\u00ednea, Peppo tild\u00f3 de &#8220;muy chata&#8221; la coparticipaci\u00f3n en el comienzo de este mes, mientras que su ministro de Hacienda, Cristian Ocampo, sostuvo que &#8220;es preocupante la situaci\u00f3n y la actividad econ\u00f3mica no tiene un despegue, por lo menos como se lo espera&#8221;.<\/p>\n<p>&nbsp;<\/p>\n<p>Por su parte, el titular de la cartera de Econom\u00eda de Entre R\u00edos, Hugo Ballay, sostuvo d\u00edas atr\u00e1s que observa &#8220;con cierto grado de preocupaci\u00f3n un menor movimiento econ\u00f3mico, ya que el nivel de actividad sigue por debajo de los \u00edndices de inflaci\u00f3n y eso significa menos impuestos&#8221;.<\/p>\n<p>&nbsp;<\/p>\n<p>En esa l\u00ednea, detall\u00f3 que &#8220;la recaudaci\u00f3n en el primer cuatrimestre de 2017 fue del orden del 9% de lo presupuestado, mientras que el gasto trep\u00f3 al 17%&#8221;.<\/p>\n<p>&nbsp;<\/p>\n<p>&#8220;Esta situaci\u00f3n hace que el gasto del Estado, como ya ocurriera el pasado a\u00f1o, vaya por encima de los recursos de los que se disponen, por lo que hay que ser muy cuidadoso, tratando de ser lo m\u00e1s eficiente posible en lo referente al gasto y pagar estrictamente lo imprescindible&#8221;, afirm\u00f3 el funcionario del justicialista Gustavo Bordet.<\/p>\n<p>&nbsp;<\/p>\n<p>Asimismo, desde Misiones, el ministro de Hacienda Adolfo Safr\u00e1n reconoci\u00f3 que est\u00e1n &#8220;m\u00e1s atentos a lo que ocurra con la actividad econ\u00f3mica que con la inflaci\u00f3n&#8221;,<\/p>\n<p>&nbsp;<\/p>\n<p>&#8220;La estanflaci\u00f3n es lo que m\u00e1s nos preocupa, porque no permitir\u00eda que la recaudaci\u00f3n acompa\u00f1e la inflaci\u00f3n&#8221;, sostuvo el funcionario de Hugo Passalacqua (Frente Renovador de la Concordia).<\/p>\n","protected":false},"excerpt":{"rendered":"<p>Gobernadores encendieron luz de alarma por consecuencias en una menor recaudaci\u00f3n. Ante la inminencia del pago de aguinaldos, buscar\u00e1n demorar reintegro a Naci\u00f3n de fondos coparticipables &nbsp; &nbsp; &nbsp; &nbsp; Con la presi\u00f3n adicional que les genera el inminente desaf\u00edo del primer medio aguinaldo, en despachos oficiales de las provincias siguen con preocupaci\u00f3n la marcha de la actividad econ\u00f3mica y advierten que-su &#8220;falta de despegue&#8221; rebota negativamente en la coparticipaci\u00f3n y la recaudaci\u00f3n local. &nbsp; Con ese como uno de los factores de presi\u00f3n sobre las finanzas locales, desde algunos&#8230;<\/p>\n","protected":false},"author":3,"featured_media":12234,"comment_status":"closed","ping_status":"closed","sticky":false,"template":"","format":"standard","meta":[],"categories":[2],"tags":[],"_links":{"self":[{"href":"https:\/\/www.actualidadadiario.com\/index.php\/wp-json\/wp\/v2\/posts\/12233"}],"collection":[{"href":"https:\/\/www.actualidadadiario.com\/index.php\/wp-json\/wp\/v2\/posts"}],"about":[{"href":"https:\/\/www.actualidadadiario.com\/index.php\/wp-json\/wp\/v2\/types\/post"}],"author":[{"embeddable":true,"href":"https:\/\/www.actualidadadiario.com\/index.php\/wp-json\/wp\/v2\/users\/3"}],"replies":[{"embeddable":true,"href":"https:\/\/www.actualidadadiario.com\/index.php\/wp-json\/wp\/v2\/comments?post=12233"}],"version-history":[{"count":1,"href":"https:\/\/www.actualidadadiario.com\/index.php\/wp-json\/wp\/v2\/posts\/12233\/revisions"}],"predecessor-version":[{"id":12235,"href":"https:\/\/www.actualidadadiario.com\/index.php\/wp-json\/wp\/v2\/posts\/12233\/revisions\/12235"}],"wp:featuredmedia":[{"embeddable":true,"href":"https:\/\/www.actualidadadiario.com\/index.php\/wp-json\/wp\/v2\/media\/12234"}],"wp:attachment":[{"href":"https:\/\/www.actualidadadiario.com\/index.php\/wp-json\/wp\/v2\/media?parent=12233"}],"wp:term":[{"taxonomy":"category","embeddable":true,"href":"https:\/\/www.actualidadadiario.com\/index.php\/wp-json\/wp\/v2\/categories?post=12233"},{"taxonomy":"post_tag","embeddable":true,"href":"https:\/\/www.actualidadadiario.com\/index.php\/wp-json\/wp\/v2\/tags?post=12233"}],"curies":[{"name":"wp","href":"https:\/\/api.w.org\/{rel}","templated":true}]}}