{"id":12224,"date":"2017-05-30T10:13:46","date_gmt":"2017-05-30T13:13:46","guid":{"rendered":"http:\/\/actualidadadiario.com\/site\/?p=12224"},"modified":"2017-05-30T10:13:46","modified_gmt":"2017-05-30T13:13:46","slug":"el-gobierno-admitio-que-cuesta-encontrarle-la-vuelta-a-la-inflacion","status":"publish","type":"post","link":"https:\/\/www.actualidadadiario.com\/index.php\/2017\/05\/30\/el-gobierno-admitio-que-cuesta-encontrarle-la-vuelta-a-la-inflacion\/","title":{"rendered":"El Gobierno admiti\u00f3 que &#8220;cuesta encontrarle la vuelta a la inflaci\u00f3n&#8221;"},"content":{"rendered":"<p><em><strong>El secretario general de la Presidencia, Fernando De Andreis, afirm\u00f3 que al Gobierno &#8220;le cuesta encontrarle la vuelta a la inflaci\u00f3n&#8221;<\/strong><\/em><\/p>\n<p>&nbsp;<\/p>\n<p>&nbsp;<\/p>\n<p>&nbsp;<\/p>\n<p>&nbsp;<\/p>\n<p>Sin embargo, el funcionario asegur\u00f3 que existe una &#8220;tendencia&#8221; a la baja y estim\u00f3 que este a\u00f1o estar\u00e1 &#8220;cerca&#8221; del 17% o 18%.<\/p>\n<p>&nbsp;<\/p>\n<p>De Andreis tambi\u00e9n aprovech\u00f3 para lanzar cr\u00edticas a la gesti\u00f3n anterior: &#8220;Durante a\u00f1os vivimos en una Argentina donde la inflaci\u00f3n era igual, pero nos ment\u00edan diciendo que era menor que en Alemania&#8221;.<\/p>\n<p>&nbsp;<\/p>\n<p>&#8220;Argentina sufre el drama de la inflaci\u00f3n desde hace 60 a\u00f1os y cuesta, obviamente, encontrarle la vuelta&#8221;, reconoci\u00f3 el funcionario en declaraciones a radio La Red.<\/p>\n<p>&nbsp;<\/p>\n<p>&#8220;Lo importante es la tendencia y la tendencia viene bajando&#8221;, expres\u00f3.<\/p>\n<p>&nbsp;<\/p>\n<p>&#8220;Esperamos que el segundo semestre, como el a\u00f1o pasado, sea un tercio del primero. Si se da algo parecido, vamos a estar cumpliendo o cerca de cumplir la meta del Banco Central, cerca del 17%, 18% (anual)&#8221;, concluy\u00f3.<\/p>\n","protected":false},"excerpt":{"rendered":"<p>El secretario general de la Presidencia, Fernando De Andreis, afirm\u00f3 que al Gobierno &#8220;le cuesta encontrarle la vuelta a la inflaci\u00f3n&#8221; &nbsp; &nbsp; &nbsp; &nbsp; Sin embargo, el funcionario asegur\u00f3 que existe una &#8220;tendencia&#8221; a la baja y estim\u00f3 que este a\u00f1o estar\u00e1 &#8220;cerca&#8221; del 17% o 18%. &nbsp; De Andreis tambi\u00e9n aprovech\u00f3 para lanzar cr\u00edticas a la gesti\u00f3n anterior: &#8220;Durante a\u00f1os vivimos en una Argentina donde la inflaci\u00f3n era igual, pero nos ment\u00edan diciendo que era menor que en Alemania&#8221;. &nbsp; &#8220;Argentina sufre el drama de la inflaci\u00f3n desde&#8230;<\/p>\n","protected":false},"author":3,"featured_media":12225,"comment_status":"closed","ping_status":"closed","sticky":false,"template":"","format":"standard","meta":[],"categories":[2],"tags":[],"_links":{"self":[{"href":"https:\/\/www.actualidadadiario.com\/index.php\/wp-json\/wp\/v2\/posts\/12224"}],"collection":[{"href":"https:\/\/www.actualidadadiario.com\/index.php\/wp-json\/wp\/v2\/posts"}],"about":[{"href":"https:\/\/www.actualidadadiario.com\/index.php\/wp-json\/wp\/v2\/types\/post"}],"author":[{"embeddable":true,"href":"https:\/\/www.actualidadadiario.com\/index.php\/wp-json\/wp\/v2\/users\/3"}],"replies":[{"embeddable":true,"href":"https:\/\/www.actualidadadiario.com\/index.php\/wp-json\/wp\/v2\/comments?post=12224"}],"version-history":[{"count":1,"href":"https:\/\/www.actualidadadiario.com\/index.php\/wp-json\/wp\/v2\/posts\/12224\/revisions"}],"predecessor-version":[{"id":12226,"href":"https:\/\/www.actualidadadiario.com\/index.php\/wp-json\/wp\/v2\/posts\/12224\/revisions\/12226"}],"wp:featuredmedia":[{"embeddable":true,"href":"https:\/\/www.actualidadadiario.com\/index.php\/wp-json\/wp\/v2\/media\/12225"}],"wp:attachment":[{"href":"https:\/\/www.actualidadadiario.com\/index.php\/wp-json\/wp\/v2\/media?parent=12224"}],"wp:term":[{"taxonomy":"category","embeddable":true,"href":"https:\/\/www.actualidadadiario.com\/index.php\/wp-json\/wp\/v2\/categories?post=12224"},{"taxonomy":"post_tag","embeddable":true,"href":"https:\/\/www.actualidadadiario.com\/index.php\/wp-json\/wp\/v2\/tags?post=12224"}],"curies":[{"name":"wp","href":"https:\/\/api.w.org\/{rel}","templated":true}]}}