{"id":122209,"date":"2024-10-31T11:24:39","date_gmt":"2024-10-31T14:24:39","guid":{"rendered":"https:\/\/www.actualidadadiario.com\/?p=122209"},"modified":"2024-10-31T11:24:39","modified_gmt":"2024-10-31T14:24:39","slug":"apagon-nacional-contra-los-tarifazos-a-que-hora-es-y-los-motivos-de-la-protesta","status":"publish","type":"post","link":"https:\/\/www.actualidadadiario.com\/index.php\/2024\/10\/31\/apagon-nacional-contra-los-tarifazos-a-que-hora-es-y-los-motivos-de-la-protesta\/","title":{"rendered":"Apag\u00f3n nacional contra los tarifazos: a qu\u00e9 hora es y los motivos de la protesta"},"content":{"rendered":"<p style=\"text-align: center;\"><em><strong>La protesta fue impulsada por el Foro Multisectorial contra los Tarifazos. Tambi\u00e9n se present\u00f3 una acci\u00f3n de amparo ante la Justicia Federal contra el Gobierno<\/strong><\/em><\/p>\n<p>&nbsp;<\/p>\n<p>&nbsp;<\/p>\n<p>El Foro Multisectorial Contra los Tarifazos convoc\u00f3 a un apag\u00f3n nacional en contra de los aumentos de servicios a los que consideran &#8220;desproporcionados, irrazonables y confiscatorios&#8221;. La medida de propuesta se llevar\u00e1 a cabo este jueves desde las 21 hasta las 21:10.<\/p>\n<p>El Ministro de Infraestructura y Servicios P\u00fablicos de la provincia de Buenos Aires, Gabriel Katopodis, se sum\u00f3 a la convocatoria y detall\u00f3: &#8220;El problema de los tarifazos es nacional, es federal. Es un gobierno nacional que ha encarecido y ha cargado de angustia una pyme en el Gran Rosario, pero tambi\u00e9n una bodega, una finca en el Gran Mendoza&#8221;. Adem\u00e1s, el foro, junto a la Asociaci\u00f3n de Defensa de los Derechos de los Consumidores (ADDUC), presentaron un recurso de amparo contra el Gobierno.<\/p>\n<p>&nbsp;<\/p>\n<p><strong>Apag\u00f3n nacional contra el aumento de tarifas<\/strong><\/p>\n<p>La medida convocada por el foro multisectorial es una &#8220;expresi\u00f3n p\u00fablica de repudio y rechazo&#8221; a los &#8220;aumentos desmedidos&#8221; de las tarifas energ\u00e9ticas dispuestos por la administraci\u00f3n libertaria. Seg\u00fan aseguraron desde los organismos, &#8220;el aumento de las tarifas de servicios p\u00fablicos lidera el aumento de los precios y supera a la inflaci\u00f3n generalizada que mide el INDEC, siendo la clase media la m\u00e1s afectada&#8221;.<\/p>\n<p>En detalle, denuncian que hubo un &#8220;incremento del 758%, frente a salarios medios que subieron menos del 154%&#8221; en referencia a las tarifas de luz. En el caso del gas, la factura para la clase media sufri\u00f3 un aumento &#8220;de 198%, mientras que aument\u00f3 un 225,9% para el sector con menos ingresos&#8221;.<\/p>\n<p>De esta manera, los organismos convocaron a llevar a cabo un apag\u00f3n en todo el pa\u00eds este jueves, durante 10 minutos, entre las 21 y 21:10.<\/p>\n<p>Katopodis particip\u00f3 de una conferencia de prensa del organismo el pasado 8 de octubre y se encuentra al frente de la propuesta de reclamo. &#8220;Es una verdadera tragedia, un verdadero dolor de cabeza, una angustia para cualquier familia de clase media o media baja, trabajadora, que tiene que hacer las cuentas todos los meses para ver c\u00f3mo enfrenta el peso de lo que significa en una familia el pago de la luz, del gas, del agua, del transporte. Todo eso con un \u00fanico bolsillo que est\u00e1 flaco&#8221;, sentenci\u00f3.<\/p>\n<p>Tras la acci\u00f3n de este jueves, la multisectorial analizar\u00e1 realizar otras medidas para luchar contra los aumentos de las facturas. En este sentido, no descartaron organizar protestas frente a Casa Rosada o al Congreso.<\/p>\n<p>La demanda presentada contra el Gobierno por los aumentos de tarifa de los servicios p\u00fablicos<\/p>\n<p>Adem\u00e1s de la jornada de protesta, ADDUC y el foro multisectorial presentaron hace unos d\u00edas una acci\u00f3n de amparo contra el Poder Ejecutivo Nacional, el Ministerio de Econom\u00eda, la secretar\u00eda de Energ\u00eda (ENERE &#8211; ENARGAS), la secretar\u00eda de Obras P\u00fablicas (AYSA S.A), el Ente Nacional Regulador de la Electricidad (ENRE), el Ente Nacional Regulador del Agua (ERAS), EDENOR y EDESUR y Metrogas S.A.<\/p>\n<p>El objetivo de la demanda es que se declare la &#8220;inconstitucionalidad y nulidad absoluta e insanable&#8221; del DNU 55\/2023, DNU 70\/2023, las Resoluciones 02\/04, 101\/2024, 10 2 \/2024, 199\/2024, 104\/2024, 105\/2024, 198\/24 y 335\/24 del Ente Nacional Regulador de la Electricidad, Decreto 465\/24, las Resoluciones 115\/24, 264\/24, 608\/24 y cctes. del ENARGAR, las Resoluciones 7\/24, 90\/24; 91\/24, 93\/24 de la Secretar\u00eda de Energ\u00eda, la Resoluci\u00f3n 5\/24 y 9\/24 del ERAS y los &#8220;cuadros tarifarios que de ellas se desprendan&#8221;.<\/p>\n<p>Adem\u00e1s, el recurso de amparo exige que las empresas demandadas se abstengan de &#8220;requerir o perseguir el cobro de cualquier suma de dinero con causa en la norma referida&#8221; y de &#8220;disponer un nuevo esquema de precios y tarifas para los servicios p\u00fablicos de electricidad, gas y agua en redes&#8221;. A trav\u00e9s de un comunicado oficial, los organismos denunciantes explicaron que el &#8220;tarifazo que lleva adelante el Gobierno Nacional produce que la capacidad de pago de los usuarios residenciales y no residenciales, comerciantes, PyMEs, ONG\u2019s, clubes de barrio, instituciones de bien p\u00fablico, jubilados, etc. est\u00e9n al l\u00edmite de sus recursos provocando la imposibilidad de pago, situaci\u00f3n que se agrava con los aumentos al transporte&#8221;.<\/p>\n<p>Al respecto, el presidente de ADDUC, Osvaldo Bassano, afirm\u00f3: \u201cSe duplic\u00f3 el peso de la canasta de luz, agua, gas y transporte sobre los ingresos de los asalariados del sector formal privado, en menos de un a\u00f1o. Con las actuales tarifas se viola el esp\u00edritu y letra de la Constituci\u00f3n\u201d.<\/p>\n<p>Por su parte, uno de los coordinadores del Foro Multisectorial contra los Tarifazos, Adri\u00e1n Ganino, advirti\u00f3 que \u201ceste esquema impagable degrada cada vez m\u00e1s el poder adquisitivo y aumenta desigualdades\u201d. \u201cPoner un freno a los tarifazos es necesario y urgente\u201d, concluy\u00f3.<\/p>\n<p>\u201cLos usuarios de los Servicios P\u00fablicos tienen derecho a la informaci\u00f3n y a la transparencia en c\u00f3mo el gobernante administra los bienes p\u00fablicos. La energ\u00eda, el gas y el agua es un bien p\u00fablico y un Derecho Humano que se encuentra por encima del inter\u00e9s de los mercados\u201d, destacaron en la demanda presentada.<\/p>\n","protected":false},"excerpt":{"rendered":"<p>La protesta fue impulsada por el Foro Multisectorial contra los Tarifazos. Tambi\u00e9n se present\u00f3 una acci\u00f3n de amparo ante la Justicia Federal contra el Gobierno &nbsp; &nbsp; El Foro Multisectorial Contra los Tarifazos convoc\u00f3 a un apag\u00f3n nacional en contra de los aumentos de servicios a los que consideran &#8220;desproporcionados, irrazonables y confiscatorios&#8221;. La medida de propuesta se llevar\u00e1 a cabo este jueves desde las 21 hasta las 21:10. El Ministro de Infraestructura y Servicios P\u00fablicos de la provincia de Buenos Aires, Gabriel Katopodis, se sum\u00f3 a la convocatoria y&#8230;<\/p>\n","protected":false},"author":3,"featured_media":120727,"comment_status":"closed","ping_status":"closed","sticky":false,"template":"","format":"standard","meta":[],"categories":[2],"tags":[],"_links":{"self":[{"href":"https:\/\/www.actualidadadiario.com\/index.php\/wp-json\/wp\/v2\/posts\/122209"}],"collection":[{"href":"https:\/\/www.actualidadadiario.com\/index.php\/wp-json\/wp\/v2\/posts"}],"about":[{"href":"https:\/\/www.actualidadadiario.com\/index.php\/wp-json\/wp\/v2\/types\/post"}],"author":[{"embeddable":true,"href":"https:\/\/www.actualidadadiario.com\/index.php\/wp-json\/wp\/v2\/users\/3"}],"replies":[{"embeddable":true,"href":"https:\/\/www.actualidadadiario.com\/index.php\/wp-json\/wp\/v2\/comments?post=122209"}],"version-history":[{"count":1,"href":"https:\/\/www.actualidadadiario.com\/index.php\/wp-json\/wp\/v2\/posts\/122209\/revisions"}],"predecessor-version":[{"id":122210,"href":"https:\/\/www.actualidadadiario.com\/index.php\/wp-json\/wp\/v2\/posts\/122209\/revisions\/122210"}],"wp:featuredmedia":[{"embeddable":true,"href":"https:\/\/www.actualidadadiario.com\/index.php\/wp-json\/wp\/v2\/media\/120727"}],"wp:attachment":[{"href":"https:\/\/www.actualidadadiario.com\/index.php\/wp-json\/wp\/v2\/media?parent=122209"}],"wp:term":[{"taxonomy":"category","embeddable":true,"href":"https:\/\/www.actualidadadiario.com\/index.php\/wp-json\/wp\/v2\/categories?post=122209"},{"taxonomy":"post_tag","embeddable":true,"href":"https:\/\/www.actualidadadiario.com\/index.php\/wp-json\/wp\/v2\/tags?post=122209"}],"curies":[{"name":"wp","href":"https:\/\/api.w.org\/{rel}","templated":true}]}}