{"id":122201,"date":"2024-10-31T11:20:48","date_gmt":"2024-10-31T14:20:48","guid":{"rendered":"https:\/\/www.actualidadadiario.com\/?p=122201"},"modified":"2024-10-31T11:20:48","modified_gmt":"2024-10-31T14:20:48","slug":"cambia-la-licencia-de-conducir-como-sera-el-tramite-y-punto-por-punto-que-se-modificaria","status":"publish","type":"post","link":"https:\/\/www.actualidadadiario.com\/index.php\/2024\/10\/31\/cambia-la-licencia-de-conducir-como-sera-el-tramite-y-punto-por-punto-que-se-modificaria\/","title":{"rendered":"Cambia la licencia de conducir: c\u00f3mo ser\u00e1 el tr\u00e1mite y punto por punto que se modificar\u00eda"},"content":{"rendered":"<p style=\"text-align: center;\"><em><strong>El Gobierno modific\u00f3 los requisitos a la hora de renovar el registro. \u00bfA qui\u00e9nes afecta?<\/strong><\/em><\/p>\n<p>&nbsp;<\/p>\n<p>&nbsp;<\/p>\n<p>El Gobierno nacional implement\u00f3 nuevas modificaciones en el tr\u00e1mite para la renovaci\u00f3n de la licencia de conducir y anticip\u00f3 que, pr\u00f3ximamente, se llevar\u00e1 adelante una reforma integral del C\u00f3digo de Tr\u00e1nsito, \u00bfde qu\u00e9 se trata?<\/p>\n<p>El ministro de Desregulaci\u00f3n y Modernizaci\u00f3n, a cargo de Federico Srutzennegger, anunci\u00f3 en declaraciones radiales que el Gobierno buscar eliminar la presencialidad del tr\u00e1mite para un grupo de personas.<\/p>\n<p>&nbsp;<\/p>\n<p><strong>Cambia la licencia de conducir: as\u00ed ser\u00e1 el nuevo tr\u00e1mite para renovar el registro <\/strong><\/p>\n<p>De acuerdo a la nueva normativa, se eliminar\u00e1 la obligatoriedad de la presencialidad en la renovaci\u00f3n de la licencia de conducir. La medida se aplicar\u00e1 en todas las comunas del pa\u00eds, para conductores de entre 18 y 65 a\u00f1os.<\/p>\n<p>En este sentido, especificaron que no se exigir\u00e1n ex\u00e1menes te\u00f3ricos ni pr\u00e1cticos, mientras que el vencimiento del registro no supere el a\u00f1o.<\/p>\n<p>&#8220;Cuando se necesita renovar el registro, uno no tiene que volver a probar que sabe manejar, porque uno no se olvida&#8221;, hab\u00eda justificado Sturzenegger y denunci\u00f3 que &#8220;los Municipios usan esto como un mecanismo de recaudaci\u00f3n&#8221;.<\/p>\n<p>De esta manera, los \u00fanicos que seguir\u00e1n obligados a acudir de forma presencial son los mayores de 65 a\u00f1os y aquellas personas que soliciten la licencia de conducir por primera vez.<\/p>\n<p>No obstante, tambi\u00e9n adelant\u00f3 que se les permitir\u00e1 a los aspirantes presentar un certificado psicof\u00edsico para evitar el tr\u00e1mite m\u00e9dico presencial, en el que se verifique que posea buena visi\u00f3n y audici\u00f3n para conducir un veh\u00edculo.<\/p>\n<p>&#8220;La Agencia Nacional de Seguridad Vial dir\u00e1 qui\u00e9nes son los m\u00e9dicos e instituciones autorizados para esta certificaci\u00f3n, pero dada esta validaci\u00f3n, la gente no necesariamente tendr\u00e1 que ir a hacerlo al registro&#8221;, detallaron.<\/p>\n<p>Vale destacar que, si bien el Gobierno confirm\u00f3 que se trata de una reglamentaci\u00f3n a nivel nacional, &#8220;si un Municipio decide no adherir y continuar con las viejas pr\u00e1cticas, lo puede hacer&#8221;.<\/p>\n","protected":false},"excerpt":{"rendered":"<p>El Gobierno modific\u00f3 los requisitos a la hora de renovar el registro. \u00bfA qui\u00e9nes afecta? &nbsp; &nbsp; El Gobierno nacional implement\u00f3 nuevas modificaciones en el tr\u00e1mite para la renovaci\u00f3n de la licencia de conducir y anticip\u00f3 que, pr\u00f3ximamente, se llevar\u00e1 adelante una reforma integral del C\u00f3digo de Tr\u00e1nsito, \u00bfde qu\u00e9 se trata? El ministro de Desregulaci\u00f3n y Modernizaci\u00f3n, a cargo de Federico Srutzennegger, anunci\u00f3 en declaraciones radiales que el Gobierno buscar eliminar la presencialidad del tr\u00e1mite para un grupo de personas. &nbsp; Cambia la licencia de conducir: as\u00ed ser\u00e1 el&#8230;<\/p>\n","protected":false},"author":3,"featured_media":118357,"comment_status":"closed","ping_status":"closed","sticky":false,"template":"","format":"standard","meta":[],"categories":[2],"tags":[],"_links":{"self":[{"href":"https:\/\/www.actualidadadiario.com\/index.php\/wp-json\/wp\/v2\/posts\/122201"}],"collection":[{"href":"https:\/\/www.actualidadadiario.com\/index.php\/wp-json\/wp\/v2\/posts"}],"about":[{"href":"https:\/\/www.actualidadadiario.com\/index.php\/wp-json\/wp\/v2\/types\/post"}],"author":[{"embeddable":true,"href":"https:\/\/www.actualidadadiario.com\/index.php\/wp-json\/wp\/v2\/users\/3"}],"replies":[{"embeddable":true,"href":"https:\/\/www.actualidadadiario.com\/index.php\/wp-json\/wp\/v2\/comments?post=122201"}],"version-history":[{"count":1,"href":"https:\/\/www.actualidadadiario.com\/index.php\/wp-json\/wp\/v2\/posts\/122201\/revisions"}],"predecessor-version":[{"id":122202,"href":"https:\/\/www.actualidadadiario.com\/index.php\/wp-json\/wp\/v2\/posts\/122201\/revisions\/122202"}],"wp:featuredmedia":[{"embeddable":true,"href":"https:\/\/www.actualidadadiario.com\/index.php\/wp-json\/wp\/v2\/media\/118357"}],"wp:attachment":[{"href":"https:\/\/www.actualidadadiario.com\/index.php\/wp-json\/wp\/v2\/media?parent=122201"}],"wp:term":[{"taxonomy":"category","embeddable":true,"href":"https:\/\/www.actualidadadiario.com\/index.php\/wp-json\/wp\/v2\/categories?post=122201"},{"taxonomy":"post_tag","embeddable":true,"href":"https:\/\/www.actualidadadiario.com\/index.php\/wp-json\/wp\/v2\/tags?post=122201"}],"curies":[{"name":"wp","href":"https:\/\/api.w.org\/{rel}","templated":true}]}}