{"id":122191,"date":"2024-10-31T10:21:58","date_gmt":"2024-10-31T13:21:58","guid":{"rendered":"https:\/\/www.actualidadadiario.com\/?p=122191"},"modified":"2024-10-31T10:21:58","modified_gmt":"2024-10-31T13:21:58","slug":"en-el-vecindario-del-primer-caso-de-dengue-se-buscaran-vecinos-que-puedan-presentar-sintomas-compatibles","status":"publish","type":"post","link":"https:\/\/www.actualidadadiario.com\/index.php\/2024\/10\/31\/en-el-vecindario-del-primer-caso-de-dengue-se-buscaran-vecinos-que-puedan-presentar-sintomas-compatibles\/","title":{"rendered":"En el vecindario del primer caso de dengue se buscar\u00e1n vecinos que puedan presentar s\u00edntomas compatibles"},"content":{"rendered":"<p style=\"text-align: center;\"><em><strong>La titular del \u00e1rea de Epidemiolog\u00eda del hospital Delicia Concepci\u00f3n Masvernat, Dra. Fabiana Leiva, repas\u00f3 los detalles del caso de dengue detectado en la ciudad, respondi\u00f3 sobre vacunas y record\u00f3 los m\u00e9todos de prevenci\u00f3n de la enfermedad<\/strong><\/em><\/p>\n<p>&nbsp;<\/p>\n<p>&nbsp;<\/p>\n<p>Leiva explic\u00f3 que el primer caso oficialmente confirmado se trata de \u201cun paciente que ha realizado un viaje a la ciudad de Santa Fe y luego de su regreso comenz\u00f3 con s\u00edntomas compatibles con dengue&#8221;. Ellos fueron &#8220;fiebre, dolor de cabeza, dolor detr\u00e1s de los ojos, por lo que concurri\u00f3 a su m\u00e9dico, se le solicit\u00f3 el laboratorio pertinente y dio diagn\u00f3stico positivo\u201d.<\/p>\n<p>Al respecto, coment\u00f3 que \u201cnosotros ya hace varios meses que no tenemos circulaci\u00f3n viral, as\u00ed que esper\u00e1bamos que al menos los primeros casos fueran importados\u201d, motivo por el que \u201ces tan importante hacer las tareas de prevenci\u00f3n r\u00e1pidamente en esta etapa\u201d.<\/p>\n<p>Dicho esto, precis\u00f3 que este martes \u201cse realiz\u00f3 el bloqueo y el descacharrizado\u201d de la zona en donde se detect\u00f3 el caso, mientras \u201cestamos siguiendo telef\u00f3nicamente el estado de salud del paciente\u201d, pero \u201cen estos d\u00edas posteriores vamos a seguir recorriendo el barrio, en b\u00fasqueda de otros pacientes que puedan haber presentado fiebre\u201d. De acuerdo a lo que pudo confirmar Diario R\u00edo Uruguay, la vivienda donde se concret\u00f3 el primer bloqueo y abordaje est\u00e1 ubicada en la zona norte de Concordia, puntualmente en la parte posterior de la ex Hoster\u00eda San Gabriel.<\/p>\n<p>&nbsp;<\/p>\n<p><strong>Vacunas<\/strong><\/p>\n<p>Consultada sobre las vacunas para el dengue, Leiva remarc\u00f3 que por el momento \u201cno hemos recibido informaci\u00f3n de parte del ministerio y, por lo menos, no vamos a tener vacunas disponibles en los pr\u00f3ximos d\u00edas ni en las pr\u00f3ximas semanas a nivel gratuito, como s\u00ed lo tienen en otros lugares\u201d, por lo que \u201cseguir\u00e1n estando disponibles, pero de forma particular y privada\u201d.<\/p>\n<p>Sobre las personas a las que se recomienda recibir esta vacuna, subray\u00f3 que se encuentran \u201clas personas que ya han tenido dengue en temporadas anteriores como prioritarios\u201d, as\u00ed como tambi\u00e9n a \u201ctodas las personas que tienen m\u00e1s riesgo de padecer otras enfermedades cr\u00f3nicas, que puedan iniciar una etapa de inmunodepresi\u00f3n o inmunosupresi\u00f3n como una quimioterapia o tratamientos que puedan alterar nuestra inmunidad\u201d.<\/p>\n<p>En cuanto a la disponibilidad de la vacuna, mencion\u00f3 que \u201chasta hace unos d\u00edas atr\u00e1s hab\u00eda gente que pod\u00eda comprar y conseguir la vacuna con receta m\u00e9dica\u201d, pero record\u00f3 que \u201cson dos dosis\u201d y a un valor importante, a pesar de que \u201chay algunas obras sociales que est\u00e1n dando una cobertura parcial\u201d.<\/p>\n<p>Por otro lado, remarc\u00f3 que \u201cnosotros estamos en vigilancia epidemiol\u00f3gica, por lo que a todo paciente con fiebre que no tenga otra causa probable, nosotros lo estudiamos para dengue\u201d, as\u00ed como tambi\u00e9n \u201ca los pacientes internados graves o moderados que tambi\u00e9n tienen cuadros febriles compatibles con dengue\u201d.<\/p>\n<p>Finalmente, la m\u00e9dica insisti\u00f3 una vez m\u00e1s con que \u201cen estos d\u00edas y sobre todo en esta etapa, veamos y revisemos nuestros patios, nuestros balcones, todo lo que pueda alojar agua por m\u00e1s poquito que sea, que veamos los bebederos de las mascotas, porque justamente lo que tenemos que hacer es mitigar los criaderos de los mosquitos para que no se sigan reproduciendo\u201d, as\u00ed como tambi\u00e9n recomend\u00f3 que \u201csi tengo fiebre y malestar, no importa si he viajado o no, consultar al m\u00e9dico y no automedicarse\u201d.<\/p>\n","protected":false},"excerpt":{"rendered":"<p>La titular del \u00e1rea de Epidemiolog\u00eda del hospital Delicia Concepci\u00f3n Masvernat, Dra. Fabiana Leiva, repas\u00f3 los detalles del caso de dengue detectado en la ciudad, respondi\u00f3 sobre vacunas y record\u00f3 los m\u00e9todos de prevenci\u00f3n de la enfermedad &nbsp; &nbsp; Leiva explic\u00f3 que el primer caso oficialmente confirmado se trata de \u201cun paciente que ha realizado un viaje a la ciudad de Santa Fe y luego de su regreso comenz\u00f3 con s\u00edntomas compatibles con dengue&#8221;. Ellos fueron &#8220;fiebre, dolor de cabeza, dolor detr\u00e1s de los ojos, por lo que concurri\u00f3 a&#8230;<\/p>\n","protected":false},"author":3,"featured_media":122131,"comment_status":"closed","ping_status":"closed","sticky":false,"template":"","format":"standard","meta":[],"categories":[15],"tags":[],"_links":{"self":[{"href":"https:\/\/www.actualidadadiario.com\/index.php\/wp-json\/wp\/v2\/posts\/122191"}],"collection":[{"href":"https:\/\/www.actualidadadiario.com\/index.php\/wp-json\/wp\/v2\/posts"}],"about":[{"href":"https:\/\/www.actualidadadiario.com\/index.php\/wp-json\/wp\/v2\/types\/post"}],"author":[{"embeddable":true,"href":"https:\/\/www.actualidadadiario.com\/index.php\/wp-json\/wp\/v2\/users\/3"}],"replies":[{"embeddable":true,"href":"https:\/\/www.actualidadadiario.com\/index.php\/wp-json\/wp\/v2\/comments?post=122191"}],"version-history":[{"count":1,"href":"https:\/\/www.actualidadadiario.com\/index.php\/wp-json\/wp\/v2\/posts\/122191\/revisions"}],"predecessor-version":[{"id":122192,"href":"https:\/\/www.actualidadadiario.com\/index.php\/wp-json\/wp\/v2\/posts\/122191\/revisions\/122192"}],"wp:featuredmedia":[{"embeddable":true,"href":"https:\/\/www.actualidadadiario.com\/index.php\/wp-json\/wp\/v2\/media\/122131"}],"wp:attachment":[{"href":"https:\/\/www.actualidadadiario.com\/index.php\/wp-json\/wp\/v2\/media?parent=122191"}],"wp:term":[{"taxonomy":"category","embeddable":true,"href":"https:\/\/www.actualidadadiario.com\/index.php\/wp-json\/wp\/v2\/categories?post=122191"},{"taxonomy":"post_tag","embeddable":true,"href":"https:\/\/www.actualidadadiario.com\/index.php\/wp-json\/wp\/v2\/tags?post=122191"}],"curies":[{"name":"wp","href":"https:\/\/api.w.org\/{rel}","templated":true}]}}