{"id":122188,"date":"2024-10-31T10:21:19","date_gmt":"2024-10-31T13:21:19","guid":{"rendered":"https:\/\/www.actualidadadiario.com\/?p=122188"},"modified":"2024-10-31T10:21:19","modified_gmt":"2024-10-31T13:21:19","slug":"la-tribu-libertaria-discola-espera-a-karina-milei-con-sello-propio-para-presionar-en-la-interna","status":"publish","type":"post","link":"https:\/\/www.actualidadadiario.com\/index.php\/2024\/10\/31\/la-tribu-libertaria-discola-espera-a-karina-milei-con-sello-propio-para-presionar-en-la-interna\/","title":{"rendered":"La tribu libertaria d\u00edscola espera a Karina Milei con sello propio para presionar en la interna"},"content":{"rendered":"<p style=\"text-align: center;\"><em><strong>Sin lugar en la visita de la hermana del Presidente, el Partido Libertario est\u00e1 en proceso de obtener la personer\u00eda definitiva para tallar en la provincia<\/strong><\/em><\/p>\n<p>&nbsp;<\/p>\n<p>&nbsp;<\/p>\n<p>Mientras La Libertad Avanza (LLA) ultima los detalles para recibir a Karina Milei y ofrendarle el sello partidario, quienes integran el Partido Libertario (PL) en Entre R\u00edos se esfuerzan por avanzar con el suyo para presionar dentro de la interna mileista.<\/p>\n<p>Despu\u00e9s de presentar en la Justicia las cuatro mil adhesiones necesarias para obtener la personer\u00eda provisoria de partido de distrito, ahora est\u00e1n en el proceso de recolecci\u00f3n de afiliaciones. De nuevo, es cuatro mil el n\u00famero m\u00e1gico. Ya entregaron la mitad y, dicen, completar\u00e1n la tarea antes de que termine noviembre, la fecha l\u00edmite que les pone el marco normativo.<\/p>\n<p>\u201cLo logramos sin designaciones en el Estado\u201d, alardea un referente del PL. El dardo envenenado est\u00e1 teledirigido a LLA, que viene colocando funcionarios en lugares claves de los organismos nacionales en la provincia. \u201cNosotros vendemos empanadas para salir a recorrer\u201d, abunda un referente del PL que se dedica a recorrer en la medida de lo posible el territorio provincial.<\/p>\n<p>Aunque reconocen \u201cbuena relaci\u00f3n\u201d con el resto de las tribus libertarias locales (las que est\u00e1n dentro de LLA), se esmeran en explicar que su construcci\u00f3n corre paralelamente a ellas. Son conscientes de que su construcci\u00f3n, aunque significativamente menor a la que lideran Andr\u00e9s Lauman y Roque Fleitas, puede horadar el eje libertario principal.<\/p>\n<p>A pesar de esto, reconocen que para 2025, a\u00f1o en que Entre R\u00edos elige representantes en Diputados y el Senado, van a \u201cconfluir naturalmente\u201d con LLA como oposici\u00f3n al kirchnerismo.<\/p>\n<p>&nbsp;<\/p>\n<p><strong>Reuniones y futuro del Partido Libertario en Entre R\u00edos<\/strong><\/p>\n<p>En tanto, luego de la foto de la hermana del Presidente y Rogelio Frigerio, tambi\u00e9n entienden que ser\u00e1 conveniente sumar -o sumarse- a Juntos por Entre R\u00edos \u201cpara derrotar al peronismo\u201d. En este punto, repiten argumentos que con mayor o menor volumen enuncian en todos los campamentos libertarios y en la mayor\u00eda de los frigeristas: si el anti-peronismo no va junto en una alianza, puede \u201cregalarle de nuevo\u201d, dicen, una banca en el Senado al PJ.<\/p>\n<p>Como la interna con propios siempre pesa m\u00e1s, a la par de armar otro espacio libertario porque LLA no los contiene del todo, los libertarios del PL no ahorran elogios para la Casa Gris. Reconocen que \u201cFrigerio demostr\u00f3 medidas parecidas a las de Milei, como reducir el gasto\u201d o iniciativas como la liberaci\u00f3n de datos de la administraci\u00f3n p\u00fablica o la reforma pol\u00edtica, que tambi\u00e9n elogian.<\/p>\n<p>En ese contexto, mostraron una foto de una reuni\u00f3n con el secretario General de la Gobernaci\u00f3n, Mauricio Colello. Sin mayores detalles, en la Casa Gris se habl\u00f3 de trabajo en &#8220;una agenda en com\u00fan&#8221; y de encuentros con varios referentes del espacio.<\/p>\n<p>&nbsp;<\/p>\n<p><strong>Pelea por el nombre en Concordia<\/strong><\/p>\n<p>En la excapital del peronismo se da la particular situaci\u00f3n de un grupo de dirigentes del Partido Libertario -de Concordia- que est\u00e1 integrado a la gesti\u00f3n del radical Francisco Azcu\u00e9, pero que en el plano provincial est\u00e1n enrolados en el ala de LLA que lideran Fleitas y Laumann.<\/p>\n<p>Este espacio, seg\u00fan difundi\u00f3 el medio de esa ciudad Tarea Fina, logr\u00f3 la personer\u00eda definitiva como partido vecinal. \u201cLa fundaci\u00f3n del Partido Libertario de Concordia se convierte en un pilar estrat\u00e9gico. La influencia de los Milei trasciende las fronteras de Capital Federal, impulsando una oleada de entusiasmo que ya est\u00e1 transformando el interior del pa\u00eds\u201d, dijeron.<\/p>\n<p>Fuentes del armado provincial del espacio explicaron que ese reconocimiento se debe a \u201cuna desinteligencia entre ambos poderes (el nacional y el provincial)\u201d puesto que el nombre, entienden, les pertenece.<\/p>\n","protected":false},"excerpt":{"rendered":"<p>Sin lugar en la visita de la hermana del Presidente, el Partido Libertario est\u00e1 en proceso de obtener la personer\u00eda definitiva para tallar en la provincia &nbsp; &nbsp; Mientras La Libertad Avanza (LLA) ultima los detalles para recibir a Karina Milei y ofrendarle el sello partidario, quienes integran el Partido Libertario (PL) en Entre R\u00edos se esfuerzan por avanzar con el suyo para presionar dentro de la interna mileista. Despu\u00e9s de presentar en la Justicia las cuatro mil adhesiones necesarias para obtener la personer\u00eda provisoria de partido de distrito, ahora&#8230;<\/p>\n","protected":false},"author":3,"featured_media":122189,"comment_status":"closed","ping_status":"closed","sticky":false,"template":"","format":"standard","meta":[],"categories":[15],"tags":[],"_links":{"self":[{"href":"https:\/\/www.actualidadadiario.com\/index.php\/wp-json\/wp\/v2\/posts\/122188"}],"collection":[{"href":"https:\/\/www.actualidadadiario.com\/index.php\/wp-json\/wp\/v2\/posts"}],"about":[{"href":"https:\/\/www.actualidadadiario.com\/index.php\/wp-json\/wp\/v2\/types\/post"}],"author":[{"embeddable":true,"href":"https:\/\/www.actualidadadiario.com\/index.php\/wp-json\/wp\/v2\/users\/3"}],"replies":[{"embeddable":true,"href":"https:\/\/www.actualidadadiario.com\/index.php\/wp-json\/wp\/v2\/comments?post=122188"}],"version-history":[{"count":1,"href":"https:\/\/www.actualidadadiario.com\/index.php\/wp-json\/wp\/v2\/posts\/122188\/revisions"}],"predecessor-version":[{"id":122190,"href":"https:\/\/www.actualidadadiario.com\/index.php\/wp-json\/wp\/v2\/posts\/122188\/revisions\/122190"}],"wp:featuredmedia":[{"embeddable":true,"href":"https:\/\/www.actualidadadiario.com\/index.php\/wp-json\/wp\/v2\/media\/122189"}],"wp:attachment":[{"href":"https:\/\/www.actualidadadiario.com\/index.php\/wp-json\/wp\/v2\/media?parent=122188"}],"wp:term":[{"taxonomy":"category","embeddable":true,"href":"https:\/\/www.actualidadadiario.com\/index.php\/wp-json\/wp\/v2\/categories?post=122188"},{"taxonomy":"post_tag","embeddable":true,"href":"https:\/\/www.actualidadadiario.com\/index.php\/wp-json\/wp\/v2\/tags?post=122188"}],"curies":[{"name":"wp","href":"https:\/\/api.w.org\/{rel}","templated":true}]}}