{"id":122185,"date":"2024-10-31T10:19:18","date_gmt":"2024-10-31T13:19:18","guid":{"rendered":"https:\/\/www.actualidadadiario.com\/?p=122185"},"modified":"2024-10-31T10:19:18","modified_gmt":"2024-10-31T13:19:18","slug":"cristina-mostro-respaldo-entrerriano-a-su-candidatura-para-presidir-el-pj","status":"publish","type":"post","link":"https:\/\/www.actualidadadiario.com\/index.php\/2024\/10\/31\/cristina-mostro-respaldo-entrerriano-a-su-candidatura-para-presidir-el-pj\/","title":{"rendered":"Cristina mostr\u00f3 respaldo entrerriano a su candidatura para presidir el PJ"},"content":{"rendered":"<p style=\"text-align: center;\"><em><strong>La expresidenta se reuni\u00f3 con diversas expresiones del peronismo provincial, que apoyan su postulaci\u00f3n para encabezar el PJ<\/strong><\/em><\/p>\n<p>&nbsp;<\/p>\n<p>&nbsp;<\/p>\n<p>La expresidenta Cristina Kirchner se reuni\u00f3 en las \u00faltimas horas en el Instituto Patria con dirigentes entrerrianos, con el objeto de mostrar apoyos de las diversas expresiones del peronismo provincial a su candidatura para presidir el Partido Justicialista a nivel nacional.<\/p>\n<p>Las reuniones fueron parte de diversas charlas que viene manteniendo la extitular del Senado nacional con legisladores, intendentes y dirigentes en general de nuestra provincia.<\/p>\n<p>En una de las im\u00e1genes que se difundieron se la observa a la exmandataria con una tribu m\u00e1s K, junto a los diputados nacionales Tom\u00e1s Ledesma, Blanca Osuna, Carolina Gaillard y los legisladores provinciales Paola Rubatino y Stefan\u00eda Cora. \u00c9sta \u00faltima, actual diputada provincial y militante de La C\u00e1mpora, es una de las cuatro que integra la n\u00f3mina que encabeza Cristina Kirchner para titularizar el peronismo, junto a Gustavo Bastian, Adri\u00e1n Fuertes e Isa Castagnino, intendentes de San Jos\u00e9, Villaguay y Victoria respectivamente.<\/p>\n<p>En la otra foto que se conoci\u00f3, se observa a la exjefa de Estado junto al exgobernador Gustavo Bordet y el extitular de Aduanas y hombre cercano de Sergio Massa, Guillermo Michel. Se trata de una expresi\u00f3n menos cercana, pero que tambi\u00e9n se encolumna detr\u00e1s de su figura.<\/p>\n<p>Las reuniones mantenidas por CFK con dirigentes entrerrianos tienen lugar mientras la otra lista que busca liderar el PJ, encabezada por el gobernador de La Rioja, Ricardo Quintela, aguarda novedades en relaci\u00f3n al recurso de amparo interpuesto para poder competir de la contienda, dadas las incompatibilidades registradas por la Junta Electoral que, eventualmente podr\u00edan dejarlo fuera de la elecci\u00f3n.<\/p>\n","protected":false},"excerpt":{"rendered":"<p>La expresidenta se reuni\u00f3 con diversas expresiones del peronismo provincial, que apoyan su postulaci\u00f3n para encabezar el PJ &nbsp; &nbsp; La expresidenta Cristina Kirchner se reuni\u00f3 en las \u00faltimas horas en el Instituto Patria con dirigentes entrerrianos, con el objeto de mostrar apoyos de las diversas expresiones del peronismo provincial a su candidatura para presidir el Partido Justicialista a nivel nacional. Las reuniones fueron parte de diversas charlas que viene manteniendo la extitular del Senado nacional con legisladores, intendentes y dirigentes en general de nuestra provincia. En una de las&#8230;<\/p>\n","protected":false},"author":3,"featured_media":122186,"comment_status":"closed","ping_status":"closed","sticky":false,"template":"","format":"standard","meta":[],"categories":[15],"tags":[],"_links":{"self":[{"href":"https:\/\/www.actualidadadiario.com\/index.php\/wp-json\/wp\/v2\/posts\/122185"}],"collection":[{"href":"https:\/\/www.actualidadadiario.com\/index.php\/wp-json\/wp\/v2\/posts"}],"about":[{"href":"https:\/\/www.actualidadadiario.com\/index.php\/wp-json\/wp\/v2\/types\/post"}],"author":[{"embeddable":true,"href":"https:\/\/www.actualidadadiario.com\/index.php\/wp-json\/wp\/v2\/users\/3"}],"replies":[{"embeddable":true,"href":"https:\/\/www.actualidadadiario.com\/index.php\/wp-json\/wp\/v2\/comments?post=122185"}],"version-history":[{"count":1,"href":"https:\/\/www.actualidadadiario.com\/index.php\/wp-json\/wp\/v2\/posts\/122185\/revisions"}],"predecessor-version":[{"id":122187,"href":"https:\/\/www.actualidadadiario.com\/index.php\/wp-json\/wp\/v2\/posts\/122185\/revisions\/122187"}],"wp:featuredmedia":[{"embeddable":true,"href":"https:\/\/www.actualidadadiario.com\/index.php\/wp-json\/wp\/v2\/media\/122186"}],"wp:attachment":[{"href":"https:\/\/www.actualidadadiario.com\/index.php\/wp-json\/wp\/v2\/media?parent=122185"}],"wp:term":[{"taxonomy":"category","embeddable":true,"href":"https:\/\/www.actualidadadiario.com\/index.php\/wp-json\/wp\/v2\/categories?post=122185"},{"taxonomy":"post_tag","embeddable":true,"href":"https:\/\/www.actualidadadiario.com\/index.php\/wp-json\/wp\/v2\/tags?post=122185"}],"curies":[{"name":"wp","href":"https:\/\/api.w.org\/{rel}","templated":true}]}}