{"id":12212,"date":"2017-05-30T10:08:34","date_gmt":"2017-05-30T13:08:34","guid":{"rendered":"http:\/\/actualidadadiario.com\/site\/?p=12212"},"modified":"2017-05-30T10:08:34","modified_gmt":"2017-05-30T13:08:34","slug":"el-gobierno-y-gremios-estatales-se-reunen-hoy-para-discutir-salarios","status":"publish","type":"post","link":"https:\/\/www.actualidadadiario.com\/index.php\/2017\/05\/30\/el-gobierno-y-gremios-estatales-se-reunen-hoy-para-discutir-salarios\/","title":{"rendered":"El Gobierno y gremios estatales se re\u00fanen hoy para discutir salarios"},"content":{"rendered":"<p><em><strong>Funcionarios del Gobierno provincial se volver\u00e1n a reunir hoy en la Secretar\u00eda de Trabajo con representantes de ATE y UPCN. El gobernador Bordet afirm\u00f3 que habr\u00e1 una &#8220;propuesta superadora&#8221;<\/strong><\/em><\/p>\n<p>&nbsp;<\/p>\n<p>&nbsp;<\/p>\n<p>&nbsp;<\/p>\n<p>La reuni\u00f3n tendr\u00e1 lugar a las 9. La secretaria Gremial de la Uni\u00f3n del Personal Civil de la Naci\u00f3n, Carina Dom\u00ednguez, advirti\u00f3 que de no haber una respuesta al tema salarial, desde el sindicato ya &#8220;resolvi\u00f3 paro y movilizaci\u00f3n&#8221;.<\/p>\n<p>&nbsp;<\/p>\n<p>Mientras tanto, el cuerpo de delegados de Paran\u00e1 de UPCN decidi\u00f3 &#8220;continuar con asambleas informativas hasta llegar a la reuni\u00f3n y, en el caso de que el d\u00eda martes no tengamos una soluci\u00f3n concreta al tema salarial, ya se resolvi\u00f3 un paro y movilizaci\u00f3n provincial y se facult\u00f3 a la comisi\u00f3n directiva para ponerle fecha&#8221;, precis\u00f3 Dom\u00ednguez.<\/p>\n<p>&nbsp;<\/p>\n<p>Por su parte, el titular de la Asociaci\u00f3n de Trabajadores del Estado, Oscar Muntes, dijo: &#8220;Tenemos una posici\u00f3n muy clara respecto a la recomposici\u00f3n de haberes, que tiene que ver con un 12 por ciento de ca\u00edda del poder adquisitivo de 2016 y el 26 por ciento de este a\u00f1o&#8221;.<\/p>\n<p>&nbsp;<\/p>\n<p>Muntes espera &#8220;que haya una propuesta integral y superadora, que supere el 18 por ciento en tres tramos rechazado oportunamente&#8221;, y asever\u00f3: &#8220;Esperemos que el martes se abra una negociaci\u00f3n mucho m\u00e1s razonable&#8221;.<\/p>\n","protected":false},"excerpt":{"rendered":"<p>Funcionarios del Gobierno provincial se volver\u00e1n a reunir hoy en la Secretar\u00eda de Trabajo con representantes de ATE y UPCN. El gobernador Bordet afirm\u00f3 que habr\u00e1 una &#8220;propuesta superadora&#8221; &nbsp; &nbsp; &nbsp; La reuni\u00f3n tendr\u00e1 lugar a las 9. La secretaria Gremial de la Uni\u00f3n del Personal Civil de la Naci\u00f3n, Carina Dom\u00ednguez, advirti\u00f3 que de no haber una respuesta al tema salarial, desde el sindicato ya &#8220;resolvi\u00f3 paro y movilizaci\u00f3n&#8221;. &nbsp; Mientras tanto, el cuerpo de delegados de Paran\u00e1 de UPCN decidi\u00f3 &#8220;continuar con asambleas informativas hasta llegar a&#8230;<\/p>\n","protected":false},"author":3,"featured_media":12213,"comment_status":"closed","ping_status":"closed","sticky":false,"template":"","format":"standard","meta":[],"categories":[15],"tags":[],"_links":{"self":[{"href":"https:\/\/www.actualidadadiario.com\/index.php\/wp-json\/wp\/v2\/posts\/12212"}],"collection":[{"href":"https:\/\/www.actualidadadiario.com\/index.php\/wp-json\/wp\/v2\/posts"}],"about":[{"href":"https:\/\/www.actualidadadiario.com\/index.php\/wp-json\/wp\/v2\/types\/post"}],"author":[{"embeddable":true,"href":"https:\/\/www.actualidadadiario.com\/index.php\/wp-json\/wp\/v2\/users\/3"}],"replies":[{"embeddable":true,"href":"https:\/\/www.actualidadadiario.com\/index.php\/wp-json\/wp\/v2\/comments?post=12212"}],"version-history":[{"count":1,"href":"https:\/\/www.actualidadadiario.com\/index.php\/wp-json\/wp\/v2\/posts\/12212\/revisions"}],"predecessor-version":[{"id":12214,"href":"https:\/\/www.actualidadadiario.com\/index.php\/wp-json\/wp\/v2\/posts\/12212\/revisions\/12214"}],"wp:featuredmedia":[{"embeddable":true,"href":"https:\/\/www.actualidadadiario.com\/index.php\/wp-json\/wp\/v2\/media\/12213"}],"wp:attachment":[{"href":"https:\/\/www.actualidadadiario.com\/index.php\/wp-json\/wp\/v2\/media?parent=12212"}],"wp:term":[{"taxonomy":"category","embeddable":true,"href":"https:\/\/www.actualidadadiario.com\/index.php\/wp-json\/wp\/v2\/categories?post=12212"},{"taxonomy":"post_tag","embeddable":true,"href":"https:\/\/www.actualidadadiario.com\/index.php\/wp-json\/wp\/v2\/tags?post=12212"}],"curies":[{"name":"wp","href":"https:\/\/api.w.org\/{rel}","templated":true}]}}