{"id":12209,"date":"2017-05-30T10:07:40","date_gmt":"2017-05-30T13:07:40","guid":{"rendered":"http:\/\/actualidadadiario.com\/site\/?p=12209"},"modified":"2017-05-30T10:09:55","modified_gmt":"2017-05-30T13:09:55","slug":"se-instrumenta-en-entre-rios-el-registro-civil-digital","status":"publish","type":"post","link":"https:\/\/www.actualidadadiario.com\/index.php\/2017\/05\/30\/se-instrumenta-en-entre-rios-el-registro-civil-digital\/","title":{"rendered":"Se instrumenta en Entre R\u00edos el Registro Civil Digital"},"content":{"rendered":"<p><em><strong>El gobernador Gustavo Bordet particip\u00f3 este lunes de la presentaci\u00f3n del nuevo servicio del Registro Civil Digital con lo cual todos los actos jur\u00eddicos se registran digitalmente aportando seguridad, agilidad y resguardo de la informaci\u00f3n. \u201cTener informatizado todo este compendio de informaci\u00f3n significa preservar el patrimonio que tiene nuestra provincia y nuestras ciudades\u201d, afirm\u00f3 el mandatario y asegur\u00f3 que lo m\u00e1s importante es que \u201clo hacemos con nuestra gente, nuestros trabajadores, directivos y t\u00e9cnicos. Esto habla a las claras de que tenemos capacidades\u201d<\/strong><\/em><\/p>\n<p>&nbsp;<\/p>\n<p>&nbsp;<\/p>\n<p>&nbsp;<\/p>\n<p>&nbsp;<\/p>\n<p>Acompa\u00f1ado por el ministro de Gobierno, Mauro Urribarri; y la directora del Registro Civil y Capacidad de las Personas, Vanesa Visconti; Bordet dijo que el acto de este lunes &#8220;viene a poner en marcha un proyecto que desde el primer d\u00eda de gesti\u00f3n venimos trabajando y que tiene que ver con incorporarla tecnolog\u00eda a los sistemas administrativos y de control\u201d.<\/p>\n<p>&nbsp;<\/p>\n<p>Y a\u00f1adi\u00f3: \u201cSiempre se habl\u00f3 de modernizaci\u00f3n a partir de un mal uso de la palabra, asoci\u00e1ndola con aquellas pol\u00edticas neoliberales de la d\u00e9cada del &#8217;90 que implicaban despidos. Modernizar era quedarse con poca estructura de personal en el Estado para, supuestamente, gerenciar mejor. Nosotros no s\u00f3lo que no despedimos a nadie como lo hab\u00edamos comprometido el mismo d\u00eda que asumimos sino que adem\u00e1s propendemos a utilizar los mecanismos de modernizaci\u00f3n en el estricto sentido que debe ser utilizado, es decir incorporando tecnolog\u00eda que permita ganar en agilidad, en tr\u00e1mites y procesos administrativos&#8221;.<\/p>\n<p>&nbsp;<\/p>\n<p>Luego, agreg\u00f3 que el hecho de contar con registros que sean \u00e1giles y que est\u00e9n al alcance del ciudadano &#8220;es un avance important\u00edsimo en nuestra provincia. Reconozco la tarea que realizan todos los trabajadores y quienes tienen la responsabilidad de conducir los registros civiles de todo el territorio de la provincia porque a lo largo de estos 130 a\u00f1os, han ido construyendo la historia de los pueblos y ciudades&#8221;.<\/p>\n<p>&nbsp;<\/p>\n<p>\u201cPoder tener informatizado todo este compendio de informaci\u00f3n significa preservar ese patrimonio que tiene nuestra provincia y que tienen nuestras ciudades. Por eso hac\u00eda falta integrar procesos de esta naturaleza que permitan agilidad, que sean amigables con los vecinos para hacer un tr\u00e1mite que siempre se requiere. El hecho de una p\u00e9rdida de tiempo genera malestar, tanto en el ciudadano como en el empleado que a veces no tiene la capacidad en sus recursos humanos para dar la respuesta satisfactoria. Esto nos ayudar\u00e1 mucho a todos a tener una provincia m\u00e1s \u00e1gil\u201d, remarc\u00f3 Bordet.<\/p>\n<p>&nbsp;<\/p>\n<p>Inform\u00f3 adem\u00e1s que Entre R\u00edos es la quinta provincia en Argentina que est\u00e1 instrumentando este sistema y asegur\u00f3 que lo m\u00e1s importante es que \u201clo hacemos con nuestra gente, con nuestros trabajadores, con nuestros directivos, con nuestros t\u00e9cnico. Esto habla a las claras de que tenemos capacidades y que nunca son bien reconocidas o bien ponderadas\u201d.<\/p>\n<p>&nbsp;<\/p>\n<p>Y este sentido, apunt\u00f3: \u201cA veces se habla tambi\u00e9n en tono despectivo de quien cumple una noble tarea en la funciones en la administraci\u00f3n p\u00fablica y hoy justamente estamos para agradecerles y para poner de manifest\u00f3 que se puede tener empleados y personal que est\u00e9n a la altura de los nuevos tiempos, que pueda trabajar con inform\u00e1tica y que pueda dar un buen servicio a todos los ciudadanos de la provincia. Por eso quer\u00eda tambi\u00e9n estar hoy aqu\u00ed para testimoniar este agradecimiento y para conformar un fuerte compromiso de seguir trabajando en el mismo sentido\u201d.<\/p>\n<p>&nbsp;<\/p>\n<p>Tras ello coment\u00f3: \u201cHablamos de digitalizaci\u00f3n hoy con del Registro Civil, pero tambi\u00e9n lo hemos hecho con el registro electr\u00f3nico de sueldos que permiti\u00f3 ahorrar un volumen inmenso de papeles y tr\u00e1mites y adem\u00e1s es mucho m\u00e1s f\u00e1cil. Que se pueda bajar de una p\u00e1gina web y que adem\u00e1s tenga en su ordenador, en su tel\u00e9fono o en su tablet a sus recibos sin necesidad de ir a buscarlo y perder tiempo en eso\u201d.<\/p>\n<p>&nbsp;<\/p>\n<p>Por \u00faltimo, remarc\u00f3: \u201cTenemos que avanzar mucho m\u00e1s en esta tarea en nuestra provincia, son los tiempos que vienen y en esto vamos a poner todo nuestro esfuerzo. Pero sin ustedes, que son los que todos los d\u00edas est\u00e1n trabajando desde el lugar que les toca, ser\u00eda imposible poder hacerlo. Pero tenemos que ir por mucho m\u00e1s porque esto reci\u00e9n comienza\u201d.<\/p>\n<p>&nbsp;<\/p>\n<p>Adem\u00e1s estuvieron presentes el intendente de Paran\u00e1, Sergio Varisco; los ministros de Econom\u00eda, Hugo Ballay; y de Desarrollo Social, Laura Stratta; legisladores provinciales y nacionales; funcionarios provinciales; directores y jefes del Registro Civil de la provincia.<\/p>\n<p>&nbsp;<\/p>\n<p>&nbsp;<\/p>\n<p><strong>Resguardar la identidad entrerriana <\/strong><\/p>\n<p>Por su parte, el ministro Urribarri expres\u00f3 que \u201ccuando nos propusimos llevar adelante esta iniciativa al inicio de la gesti\u00f3n, entendimos que no se trataba s\u00f3lo de digitalizar informaci\u00f3n y procesos administrativos, sino que tambi\u00e9n era una forma de resguardar la identidad y la historia de los entrerrianos\u201d.<\/p>\n<p>&nbsp;<\/p>\n<p>Y afirm\u00f3 que \u201cel reemplazo del registro manual por la inscripci\u00f3n digital posibilita brindar mejores servicios a los entrerrianos: mayor rapidez en los tr\u00e1mites, f\u00e1cil acceso a la informaci\u00f3n y seguridad de no cometer errores de transcripci\u00f3n como a veces suced\u00eda\u201d.<\/p>\n<p>&nbsp;<\/p>\n<p>Luego mencion\u00f3 que para hacer posible el Registro Civil Digital fue necesario tuvimos \u201cdesarrollar nuevos procedimientos, capacitar al personal de toda la provincia e incorporar equipamiento. Y toda esta labor se llev\u00f3 a cabo con recursos del Estado, y con el enorme compromiso y dedicaci\u00f3n de los trabajadores, concluy\u00f3\u201d.<\/p>\n","protected":false},"excerpt":{"rendered":"<p>El gobernador Gustavo Bordet particip\u00f3 este lunes de la presentaci\u00f3n del nuevo servicio del Registro Civil Digital con lo cual todos los actos jur\u00eddicos se registran digitalmente aportando seguridad, agilidad y resguardo de la informaci\u00f3n. \u201cTener informatizado todo este compendio de informaci\u00f3n significa preservar el patrimonio que tiene nuestra provincia y nuestras ciudades\u201d, afirm\u00f3 el mandatario y asegur\u00f3 que lo m\u00e1s importante es que \u201clo hacemos con nuestra gente, nuestros trabajadores, directivos y t\u00e9cnicos. Esto habla a las claras de que tenemos capacidades\u201d &nbsp; &nbsp; &nbsp; &nbsp; Acompa\u00f1ado por el&#8230;<\/p>\n","protected":false},"author":3,"featured_media":12210,"comment_status":"closed","ping_status":"closed","sticky":false,"template":"","format":"standard","meta":[],"categories":[9,15],"tags":[],"_links":{"self":[{"href":"https:\/\/www.actualidadadiario.com\/index.php\/wp-json\/wp\/v2\/posts\/12209"}],"collection":[{"href":"https:\/\/www.actualidadadiario.com\/index.php\/wp-json\/wp\/v2\/posts"}],"about":[{"href":"https:\/\/www.actualidadadiario.com\/index.php\/wp-json\/wp\/v2\/types\/post"}],"author":[{"embeddable":true,"href":"https:\/\/www.actualidadadiario.com\/index.php\/wp-json\/wp\/v2\/users\/3"}],"replies":[{"embeddable":true,"href":"https:\/\/www.actualidadadiario.com\/index.php\/wp-json\/wp\/v2\/comments?post=12209"}],"version-history":[{"count":1,"href":"https:\/\/www.actualidadadiario.com\/index.php\/wp-json\/wp\/v2\/posts\/12209\/revisions"}],"predecessor-version":[{"id":12211,"href":"https:\/\/www.actualidadadiario.com\/index.php\/wp-json\/wp\/v2\/posts\/12209\/revisions\/12211"}],"wp:featuredmedia":[{"embeddable":true,"href":"https:\/\/www.actualidadadiario.com\/index.php\/wp-json\/wp\/v2\/media\/12210"}],"wp:attachment":[{"href":"https:\/\/www.actualidadadiario.com\/index.php\/wp-json\/wp\/v2\/media?parent=12209"}],"wp:term":[{"taxonomy":"category","embeddable":true,"href":"https:\/\/www.actualidadadiario.com\/index.php\/wp-json\/wp\/v2\/categories?post=12209"},{"taxonomy":"post_tag","embeddable":true,"href":"https:\/\/www.actualidadadiario.com\/index.php\/wp-json\/wp\/v2\/tags?post=12209"}],"curies":[{"name":"wp","href":"https:\/\/api.w.org\/{rel}","templated":true}]}}