{"id":12206,"date":"2017-05-30T10:06:48","date_gmt":"2017-05-30T13:06:48","guid":{"rendered":"http:\/\/actualidadadiario.com\/site\/?p=12206"},"modified":"2017-05-30T10:06:48","modified_gmt":"2017-05-30T13:06:48","slug":"bordet-incremento-el-aporte-estatal-a-la-obra-social-de-los-trabajadores-provinciales","status":"publish","type":"post","link":"https:\/\/www.actualidadadiario.com\/index.php\/2017\/05\/30\/bordet-incremento-el-aporte-estatal-a-la-obra-social-de-los-trabajadores-provinciales\/","title":{"rendered":"Bordet increment\u00f3 el aporte estatal a la obra social de los trabajadores provinciales"},"content":{"rendered":"<p><em><strong>En una reuni\u00f3n mantenida este lunes en la Casa de Gobierno con el directorio del Iosper y autoridades de las prestadoras de la salud privada de Entre R\u00edos, el gobernador Gustavo Bordet entreg\u00f3 el decreto que establece el incremento del aporte patronal de la provincia a la obra social entrerriana que se efectivizar\u00e1 con retroactividad a marzo. La medida fue bien recibida por los directivos que resaltaron tanto el cumplimiento de la palabra empe\u00f1ada por Bordet, como el beneficio que comprende la decisi\u00f3n<\/strong><\/em><\/p>\n<p>&nbsp;<\/p>\n<p>&nbsp;<\/p>\n<p>&nbsp;<\/p>\n<p>&nbsp;<\/p>\n<p>\u201cHe dado cumplimiento a lo que me hab\u00eda comprometido de incrementar en un 0,5 por ciento los aportes patronales de la provincia, tal como lo anunci\u00e9 ante la Asamblea Legislativa. Es una restituci\u00f3n que va a permitir que el Iosper pueda cumplir mejor su prestaci\u00f3n a los servicios de salud. Es una gran reivindicaci\u00f3n para los gremios trabajadores que lo hab\u00edan demandado permanentemente. Cumplimos con el compromiso que asumimos y esto se va a empezar a efectivizar con retroactividad al 1 de marzo, lo cual posibilita que cada afiliado a Iosper va a poder tener una mejor cobertura tanto en atenci\u00f3n m\u00e9dica como en atenci\u00f3n hospitalaria\u201d, explic\u00f3 el gobernador.<\/p>\n<p>&nbsp;<\/p>\n<p>En la reuni\u00f3n, concretada en el Sal\u00f3n de los Gobernadores de la Casa Gris, estuvieron el presidente del Iosper, Fernando Ca\u00f1ete, y los miembros del directorio. Adem\u00e1s participaron los ministros de Salud, Ariel de la Rosa, y de Econom\u00eda, Hugo Ballay, y los titulares de las prestadoras. Estuvieron los presidentes de la Asociaci\u00f3n de Cl\u00ednicas y Sanatorios de Entre R\u00edos (Acler), de la Federaci\u00f3n M\u00e9dica de Entre R\u00edos (Femer), del Colegio de Farmac\u00e9uticos, y de las Asociaciones Entrerrianas de Kinesiolog\u00eda, de Oftalmolog\u00eda y de Anestesiolog\u00eda.<\/p>\n<p>&nbsp;<\/p>\n<p>El decreto, que el gobernador le entreg\u00f3 a Ca\u00f1ete, dispone aumentar del 4 al 4,5 el porcentaje del aporte patronal al Iosper, lo que significa un monto de 9 millones de pesos mensuales. La medida, que rige desde el 1 de marzo, tiene tambi\u00e9n un fuerte impacto en la prestaci\u00f3n privada de la salud ya que le permite a la obra social cumplir de manera adecuada con los pagos de los servicios al que pueden acceder los 300.000 afiliados del Iosper.<\/p>\n<p>&nbsp;<\/p>\n<p>\u201cEl encuentro fue altamente positivo. Primero porque vinimos a recibir algo que hab\u00eda prometido el gobernador tanto en su campa\u00f1a como en reiteradas reuniones que hemos mantenido donde nos hab\u00eda dicho que estaba analizando incrementar el aporte patronal. Hasta que en un momento nos dijo que lo iba a hacer este a\u00f1o a partir del 1 de marzo, lo que adem\u00e1s fue expresado en la inauguraci\u00f3n de la Asamblea Legislativa, tal como lo establece el decreto que hoy recibimos junto con el directorio del Iosper\u201d, detall\u00f3 Fernando Ca\u00f1ete, y resalt\u00f3 adem\u00e1s el compromiso asumido por el gobernador con la obra social.<\/p>\n<p>&nbsp;<\/p>\n<p>\u201cVenimos hoy con el directorio entero a recibir el decreto donde el gobernador ha plasmado su voluntad. Tambi\u00e9n destacamos su compromiso pol\u00edtico con la seguridad social y con la salud, lo que es relevante porque cumpli\u00f3 su palabra y porque demuestra su compromiso con la obra social y la salud\u201d, expres\u00f3 Ca\u00f1ete.<\/p>\n<p>&nbsp;<\/p>\n<p>Detall\u00f3 que la restituci\u00f3n de este aporte para el Iosper representa \u201calgo muy significativo\u201d y explic\u00f3 que el Instituto est\u00e1 dirigido y conducido por sindicatos, \u201clos que venimos reclamando desde a\u00f1o 1995 la posibilidad de este recupero que es altamente positivo\u201d. Agreg\u00f3 tambi\u00e9n la significancia desde el punto de vista financiero ya que \u201cen la sumatoria de los meses desarrollado en el a\u00f1o nos permitir\u00e1 mantener previsibilidad hacia el futuro que es lo que pretendemos, regularizando algunas cuentas que tenemos\u201d, complet\u00f3 Ca\u00f1ete.<\/p>\n<p>&nbsp;<\/p>\n<p>Por su parte, el titular de Acler, Ram\u00f3n Lozze, entidad que agrupa a las 54 cl\u00ednicas y sanatorios de la provincia, coment\u00f3: \u201cEsta medida ha hecho justicia a un pedido de hace muchos a\u00f1os, de recuperar el aporte patronal de la obra social. Este 0,5 por ciento tal vez no alcanza a suplir todas las necesidades que tiene la obra social pero es el primer paso y es muy importante. Para nosotros tambi\u00e9n es importante porque es necesario que el financiamiento para atender los 300.000 afiliados de la obra social se vaya actualizando y que podamos tener una buena relaci\u00f3n entre prestadores y obra social\u201d, dijo y destac\u00f3 el \u201cmuy bien di\u00e1logo\u201d que mantienen con el Iosper \u201cde manera permanente y consensuando para seguir adelante\u201d.<\/p>\n<p>&nbsp;<\/p>\n<p>&nbsp;<\/p>\n<p><strong>Di\u00e1logo permanente <\/strong><\/p>\n<p>Por su parte, el ministro Ballay asegur\u00f3 que \u00e9sta, como tantas otras decisiones, son logradas \u201cen un \u00e1mbito de un di\u00e1logo permanente no s\u00f3lo con la obra social sino tambi\u00e9n con las instituciones a las que siempre recibimos con distintos temas y planteos\u201d. Indic\u00f3 que esta medida tambi\u00e9n se inscribe en el marco de \u201cun ordenamiento de las cuentas p\u00fablicas sobre lo que el gobernador ha insistido mucho desde su primer d\u00eda de gesti\u00f3n\u201d. Dijo adem\u00e1s que, en el marco de la mejora de la calidad del gasto y destino de los recursos, se trabaja teniendo como prioridad a los sectores m\u00e1s sensibles de la poblaci\u00f3n.<\/p>\n<p>&nbsp;<\/p>\n<p>Finalmente, el ministro De la Rosa tambi\u00e9n destac\u00f3 la importancia de este incremento y apunt\u00f3 que esto fue un compromiso asumido por el gobernador con la obra social desde el primer d\u00eda de su gesti\u00f3n: \u201cEsta oficializaci\u00f3n de la restituci\u00f3n de los aportes patronales a la obra social de la provincia, significa una reparaci\u00f3n hist\u00f3rica y un manto de justicia para poder planificar, cumplir con los compromisos y ofrecer a los entrerrianos una prestaci\u00f3n de calidad\u201d.<\/p>\n<p>&nbsp;<\/p>\n<p>Respecto a los beneficios que implica para la salud de la poblaci\u00f3n este acuerdo, el titular de la cartera sanitaria destac\u00f3: \u201cNosotros tenemos un sistema de salud \u00fanico en la provincia con dos subsectores, uno p\u00fablico y uno privado. El efector nuestro p\u00fablico es claramente el mayoritario en la provincia, con la caracter\u00edstica que tenemos a cargo toda la poblaci\u00f3n de Entre R\u00edos que est\u00e1 fuera de la seguridad social, una cifra cercana al 35 por ciento de la poblaci\u00f3n lo cual no es menor\u201d.<\/p>\n<p>&nbsp;<\/p>\n<p>En ese sentido De la Rosa puntualiz\u00f3: \u201cTambi\u00e9n somos prestadores de Iosper con quienes tenemos un convenio que renovamos este a\u00f1o con valores acordes y cercanos a los que se paga al subsector privado, de manera que esto tambi\u00e9n es justicia y es devolverle al Estado entrerriano, el recupero del gasto que se hace en nuestro sistema de salud\u201d.<\/p>\n","protected":false},"excerpt":{"rendered":"<p>En una reuni\u00f3n mantenida este lunes en la Casa de Gobierno con el directorio del Iosper y autoridades de las prestadoras de la salud privada de Entre R\u00edos, el gobernador Gustavo Bordet entreg\u00f3 el decreto que establece el incremento del aporte patronal de la provincia a la obra social entrerriana que se efectivizar\u00e1 con retroactividad a marzo. La medida fue bien recibida por los directivos que resaltaron tanto el cumplimiento de la palabra empe\u00f1ada por Bordet, como el beneficio que comprende la decisi\u00f3n &nbsp; &nbsp; &nbsp; &nbsp; \u201cHe dado cumplimiento&#8230;<\/p>\n","protected":false},"author":3,"featured_media":12207,"comment_status":"closed","ping_status":"closed","sticky":false,"template":"","format":"standard","meta":[],"categories":[9,15],"tags":[],"_links":{"self":[{"href":"https:\/\/www.actualidadadiario.com\/index.php\/wp-json\/wp\/v2\/posts\/12206"}],"collection":[{"href":"https:\/\/www.actualidadadiario.com\/index.php\/wp-json\/wp\/v2\/posts"}],"about":[{"href":"https:\/\/www.actualidadadiario.com\/index.php\/wp-json\/wp\/v2\/types\/post"}],"author":[{"embeddable":true,"href":"https:\/\/www.actualidadadiario.com\/index.php\/wp-json\/wp\/v2\/users\/3"}],"replies":[{"embeddable":true,"href":"https:\/\/www.actualidadadiario.com\/index.php\/wp-json\/wp\/v2\/comments?post=12206"}],"version-history":[{"count":1,"href":"https:\/\/www.actualidadadiario.com\/index.php\/wp-json\/wp\/v2\/posts\/12206\/revisions"}],"predecessor-version":[{"id":12208,"href":"https:\/\/www.actualidadadiario.com\/index.php\/wp-json\/wp\/v2\/posts\/12206\/revisions\/12208"}],"wp:featuredmedia":[{"embeddable":true,"href":"https:\/\/www.actualidadadiario.com\/index.php\/wp-json\/wp\/v2\/media\/12207"}],"wp:attachment":[{"href":"https:\/\/www.actualidadadiario.com\/index.php\/wp-json\/wp\/v2\/media?parent=12206"}],"wp:term":[{"taxonomy":"category","embeddable":true,"href":"https:\/\/www.actualidadadiario.com\/index.php\/wp-json\/wp\/v2\/categories?post=12206"},{"taxonomy":"post_tag","embeddable":true,"href":"https:\/\/www.actualidadadiario.com\/index.php\/wp-json\/wp\/v2\/tags?post=12206"}],"curies":[{"name":"wp","href":"https:\/\/api.w.org\/{rel}","templated":true}]}}