{"id":12203,"date":"2017-05-30T10:05:51","date_gmt":"2017-05-30T13:05:51","guid":{"rendered":"http:\/\/actualidadadiario.com\/site\/?p=12203"},"modified":"2017-05-30T10:05:51","modified_gmt":"2017-05-30T13:05:51","slug":"la-faa-impulsa-un-proyecto-productivo-para-el-predio-expropiado-a-yedro","status":"publish","type":"post","link":"https:\/\/www.actualidadadiario.com\/index.php\/2017\/05\/30\/la-faa-impulsa-un-proyecto-productivo-para-el-predio-expropiado-a-yedro\/","title":{"rendered":"La FAA impulsa un proyecto productivo para el predio expropiado a Yedro"},"content":{"rendered":"<p><em><strong>A ra\u00edz de la decisi\u00f3n gubernamental de realizar un concurso p\u00fablico para decidir el fin que se le dar\u00e1 al predio expropiado al ex senador Mario Yedro y en el cual se construyeron 50 viviendas, el titular de la filial Entre R\u00edos de la Federaci\u00f3n Agraria Argentina (FAA), Elvio Gu\u00eda, entreg\u00f3 este lunes un proyecto productivo al gobernador Gustavo Bordet. Adem\u00e1s, conversaron sobre otros temas de inter\u00e9s para el sector, como caminos y energ\u00eda<\/strong><\/em><\/p>\n<p>&nbsp;<\/p>\n<p>&nbsp;<\/p>\n<p>&nbsp;<\/p>\n<p>&nbsp;<\/p>\n<p>Tras ser recibido por el primer mandatario entrerriano, el dirigente de FAA coment\u00f3 que \u201ctratamos varios temas, entre ellos la aldea productiva La Esperanzas en los campos que le fueran expropiados a Yedro, donde tenemos un proyecto para entrar en la compulsa que va a haber, y tambi\u00e9n conversamos sobre caminos de la producci\u00f3n, tarifas el\u00e9ctricas y loteos que es una gran preocupaci\u00f3n tanto por lo productivo como para las juntas de gobierno&#8221;, precis\u00f3.<\/p>\n<p>&nbsp;<\/p>\n<p>Consultado sobre el proyecto productivo que impulsan, indic\u00f3 que &#8220;es una colonizaci\u00f3n tradicional. Hay m\u00f3dulos productivos y tambi\u00e9n tenemos un proyecto conjunto con la Facultad de Ciencias Agropecuarias de la Universidad Nacional de Entre R\u00edos para hacer m\u00f3dulos educativos que en una primera instancia ser\u00eda para producci\u00f3n primaria y despu\u00e9s habr\u00eda otros de industrializaci\u00f3n, como f\u00e1brica de dulces, de chacinados, miel org\u00e1nica, arom\u00e1ticas. Es un proyecto que empezamos en la FAA cuando nos enteramos lo resuelto por el gobernador, as\u00ed que vamos a seguir trabajando y estamos anotados en la carrera porque puede ser una oportunidad para la provincia de Entre R\u00edos y sobre todo para los productores para generar arraigo, no solamente en la cuesti\u00f3n privada, sino de la zona en general. Pensamos que se puede dinamizar much\u00edsimo Guardamonte, Maci\u00e1, Sola y toda la zona de influencia&#8221;.<\/p>\n<p>&nbsp;<\/p>\n<p>En lo que respecta a los caminos, dijo Gu\u00eda que &#8220;estamos viendo c\u00f3mo hacemos para ir mejorando la infraestructura que sigue complicada en algunas zonas. Queremos todos juntos encontrar una soluci\u00f3n&#8221;. Y agreg\u00f3 finalmente que tambi\u00e9n form\u00f3 parte del temario los consorcios camineros, &#8220;y habr\u00e1 que hacer una suerte de asociaci\u00f3n y empezar a trabajar en estas cosas que realmente vemos que preocupan mucho&#8221;.<\/p>\n","protected":false},"excerpt":{"rendered":"<p>A ra\u00edz de la decisi\u00f3n gubernamental de realizar un concurso p\u00fablico para decidir el fin que se le dar\u00e1 al predio expropiado al ex senador Mario Yedro y en el cual se construyeron 50 viviendas, el titular de la filial Entre R\u00edos de la Federaci\u00f3n Agraria Argentina (FAA), Elvio Gu\u00eda, entreg\u00f3 este lunes un proyecto productivo al gobernador Gustavo Bordet. Adem\u00e1s, conversaron sobre otros temas de inter\u00e9s para el sector, como caminos y energ\u00eda &nbsp; &nbsp; &nbsp; &nbsp; Tras ser recibido por el primer mandatario entrerriano, el dirigente de FAA&#8230;<\/p>\n","protected":false},"author":3,"featured_media":12204,"comment_status":"closed","ping_status":"closed","sticky":false,"template":"","format":"standard","meta":[],"categories":[15],"tags":[],"_links":{"self":[{"href":"https:\/\/www.actualidadadiario.com\/index.php\/wp-json\/wp\/v2\/posts\/12203"}],"collection":[{"href":"https:\/\/www.actualidadadiario.com\/index.php\/wp-json\/wp\/v2\/posts"}],"about":[{"href":"https:\/\/www.actualidadadiario.com\/index.php\/wp-json\/wp\/v2\/types\/post"}],"author":[{"embeddable":true,"href":"https:\/\/www.actualidadadiario.com\/index.php\/wp-json\/wp\/v2\/users\/3"}],"replies":[{"embeddable":true,"href":"https:\/\/www.actualidadadiario.com\/index.php\/wp-json\/wp\/v2\/comments?post=12203"}],"version-history":[{"count":1,"href":"https:\/\/www.actualidadadiario.com\/index.php\/wp-json\/wp\/v2\/posts\/12203\/revisions"}],"predecessor-version":[{"id":12205,"href":"https:\/\/www.actualidadadiario.com\/index.php\/wp-json\/wp\/v2\/posts\/12203\/revisions\/12205"}],"wp:featuredmedia":[{"embeddable":true,"href":"https:\/\/www.actualidadadiario.com\/index.php\/wp-json\/wp\/v2\/media\/12204"}],"wp:attachment":[{"href":"https:\/\/www.actualidadadiario.com\/index.php\/wp-json\/wp\/v2\/media?parent=12203"}],"wp:term":[{"taxonomy":"category","embeddable":true,"href":"https:\/\/www.actualidadadiario.com\/index.php\/wp-json\/wp\/v2\/categories?post=12203"},{"taxonomy":"post_tag","embeddable":true,"href":"https:\/\/www.actualidadadiario.com\/index.php\/wp-json\/wp\/v2\/tags?post=12203"}],"curies":[{"name":"wp","href":"https:\/\/api.w.org\/{rel}","templated":true}]}}