{"id":12194,"date":"2017-05-29T10:38:54","date_gmt":"2017-05-29T13:38:54","guid":{"rendered":"http:\/\/actualidadadiario.com\/site\/?p=12194"},"modified":"2017-05-29T10:38:54","modified_gmt":"2017-05-29T13:38:54","slug":"maraton-de-decretos-ley-para-implementar-los-acuerdos-de-paz","status":"publish","type":"post","link":"https:\/\/www.actualidadadiario.com\/index.php\/2017\/05\/29\/maraton-de-decretos-ley-para-implementar-los-acuerdos-de-paz\/","title":{"rendered":"Marat\u00f3n de decretos ley para implementar los acuerdos de paz"},"content":{"rendered":"<p><strong><em>El presidente Juan Manuel Santos se dedic\u00f3 el fin de semana a firmar los decretos con fuerza de ley con los que aspira a dar vida jur\u00eddica a varios de los puntos del acuerdo de paz con las Farc<\/em><\/strong><\/p>\n<p>&nbsp;<\/p>\n<p>&nbsp;<\/p>\n<p>&nbsp;<\/p>\n<p>&nbsp;<\/p>\n<p>El presidente Juan Manuel Santos firm\u00f3 durante el fin de semana los decretos con fuerza de ley con los que aspira a dar vida jur\u00eddica a varios de los puntos del acuerdo de paz con las Farc.<\/p>\n<p>&nbsp;<\/p>\n<p>Seg\u00fan dijo el propio mandatario, las facultades especiales que le otorg\u00f3 el Congreso para emitir decretos con fuerza de ley para desarrollar lo pactado en La Habana vencen este lunes.<\/p>\n<p>&nbsp;<\/p>\n<p>A ra\u00edz de esa situaci\u00f3n, el jefe de Estado emiti\u00f3 cuatro de estas normas, que se suman a las 15 que ya hab\u00eda promulgado desde diciembre del a\u00f1o pasado, cuando se iniciaron sus facultades especiales.<\/p>\n<p>&nbsp;<\/p>\n<p>El diario El Tiempo inform\u00f3 que los decretos ley que promulg\u00f3 Santos entre el s\u00e1bado y el domingo van encaminados principalmente a aumentar la inversi\u00f3n del Estado en el sector rural y las zonas afectadas por el conflicto.<\/p>\n<p>&nbsp;<\/p>\n<p>Por esta v\u00eda se cre\u00f3 el s\u00e1bado pasado el Consejo Nacional de Paz, Reconciliaci\u00f3n y Convivencia, un \u00f3rgano en el que \u201cconvergen en el nivel territorial todos los comit\u00e9s, mesas, instancias y mecanismos de participaci\u00f3n en asuntos de paz\u201d.<\/p>\n<p>&nbsp;<\/p>\n<p>Santos tambi\u00e9n emiti\u00f3 un decreto que prev\u00e9 normas sobre la organizaci\u00f3n y la prestaci\u00f3n del servicio educativo estatal en zonas afectadas por el conflicto armado. Se contempla un concurso especial de m\u00e9ritos para llevar a los educadores a estos territorios.<\/p>\n<p>&nbsp;<\/p>\n<p>Las otras dos normas que fueron promulgadas este fin de semana son las que buscan llevar cobertura el\u00e9ctrica a las zonas m\u00e1s alejadas del pa\u00eds y las que permiten a las empresas mineras acogerse al mecanismo de hacer obras en territorios afectados por el conflicto a cambio de disminuci\u00f3n en el pago de impuestos.<\/p>\n<p>&nbsp;<\/p>\n<p>El domingo, el Gobierno y las Farc estuvieron reunidos para definir los \u00faltimos detalles de las normas que se expedir\u00e1n este lunes.<\/p>\n","protected":false},"excerpt":{"rendered":"<p>El presidente Juan Manuel Santos se dedic\u00f3 el fin de semana a firmar los decretos con fuerza de ley con los que aspira a dar vida jur\u00eddica a varios de los puntos del acuerdo de paz con las Farc &nbsp; &nbsp; &nbsp; &nbsp; El presidente Juan Manuel Santos firm\u00f3 durante el fin de semana los decretos con fuerza de ley con los que aspira a dar vida jur\u00eddica a varios de los puntos del acuerdo de paz con las Farc. &nbsp; Seg\u00fan dijo el propio mandatario, las facultades especiales que&#8230;<\/p>\n","protected":false},"author":3,"featured_media":12195,"comment_status":"closed","ping_status":"closed","sticky":false,"template":"","format":"standard","meta":[],"categories":[4],"tags":[],"_links":{"self":[{"href":"https:\/\/www.actualidadadiario.com\/index.php\/wp-json\/wp\/v2\/posts\/12194"}],"collection":[{"href":"https:\/\/www.actualidadadiario.com\/index.php\/wp-json\/wp\/v2\/posts"}],"about":[{"href":"https:\/\/www.actualidadadiario.com\/index.php\/wp-json\/wp\/v2\/types\/post"}],"author":[{"embeddable":true,"href":"https:\/\/www.actualidadadiario.com\/index.php\/wp-json\/wp\/v2\/users\/3"}],"replies":[{"embeddable":true,"href":"https:\/\/www.actualidadadiario.com\/index.php\/wp-json\/wp\/v2\/comments?post=12194"}],"version-history":[{"count":1,"href":"https:\/\/www.actualidadadiario.com\/index.php\/wp-json\/wp\/v2\/posts\/12194\/revisions"}],"predecessor-version":[{"id":12196,"href":"https:\/\/www.actualidadadiario.com\/index.php\/wp-json\/wp\/v2\/posts\/12194\/revisions\/12196"}],"wp:featuredmedia":[{"embeddable":true,"href":"https:\/\/www.actualidadadiario.com\/index.php\/wp-json\/wp\/v2\/media\/12195"}],"wp:attachment":[{"href":"https:\/\/www.actualidadadiario.com\/index.php\/wp-json\/wp\/v2\/media?parent=12194"}],"wp:term":[{"taxonomy":"category","embeddable":true,"href":"https:\/\/www.actualidadadiario.com\/index.php\/wp-json\/wp\/v2\/categories?post=12194"},{"taxonomy":"post_tag","embeddable":true,"href":"https:\/\/www.actualidadadiario.com\/index.php\/wp-json\/wp\/v2\/tags?post=12194"}],"curies":[{"name":"wp","href":"https:\/\/api.w.org\/{rel}","templated":true}]}}