{"id":12191,"date":"2017-05-29T10:38:09","date_gmt":"2017-05-29T13:38:09","guid":{"rendered":"http:\/\/actualidadadiario.com\/site\/?p=12191"},"modified":"2017-05-29T10:38:09","modified_gmt":"2017-05-29T13:38:09","slug":"fora-temer-masiva-marcha-exigio-que-se-convoque-a-elecciones","status":"publish","type":"post","link":"https:\/\/www.actualidadadiario.com\/index.php\/2017\/05\/29\/fora-temer-masiva-marcha-exigio-que-se-convoque-a-elecciones\/","title":{"rendered":"Fora Temer: masiva marcha exigi\u00f3 que se convoque a elecciones"},"content":{"rendered":"<p><strong><em>Con el lema &#8220;Fora Temer&#8221; varios artistas, pol\u00edticos y movimientos sociales acompa\u00f1aron a los manifestantes que piden la renuncia de Michel Temer y las elecciones directas<\/em><\/strong><\/p>\n<p>&nbsp;<\/p>\n<p>&nbsp;<\/p>\n<p>&nbsp;<\/p>\n<p>&nbsp;<\/p>\n<p>Artistas e intelectuales acompa\u00f1aron este domingo a miles de manifestantes en Copacabana, R\u00edo de Janeiro, quienes protestaron contra el presidente no electo de Brasil, Michel Temer, envuelto en un grave esc\u00e1ndalo de corrupci\u00f3n y pidieron la celebraci\u00f3n de elecciones directas.<\/p>\n<p>&nbsp;<\/p>\n<p>&#8220;Cuando nuestro nietos pregunten d\u00f3nde est\u00e1bamos, decimos que est\u00e1bamos en la playa, escuchando buena m\u00fasica y la lucha por la democracia en nuestro pa\u00eds, dijo el actor Wagner Moura, conocido por su interpretaci\u00f3n en la pel\u00edcula Tropa de \u00c9lite.<\/p>\n<p>&nbsp;<\/p>\n<p>El acto estuvo animado por una extensa programaci\u00f3n musical donde resaltaron Caetano Veloso, Mano Brown, Criolo, Cordao da Bola Preta, Teresa Cristina, Mart&#8217;Nalia, Otto Mar\u00eda Gadu, Pretinho da Serra, entre otros artistas.<\/p>\n<p>&nbsp;<\/p>\n<p>Durante la protesta se escucharon consignas contra las duras reformas econ\u00f3micas emprendidas por el actual Gobierno y reclamos que ped\u00edan elecciones directas e, incluso, una nueva huelga general como la que ya hubo el pasado 28 de abril, la primera en los \u00faltimos 20 a\u00f1os.<\/p>\n<p>&nbsp;<\/p>\n<p>La manifestaciones contra Temer se han multiplicado despu\u00e9s que la Corte Suprema abriera una investigaci\u00f3n en su contra por supuesta corrupci\u00f3n pasiva, obstrucci\u00f3n a la justicia y asociaci\u00f3n il\u00edcita.<\/p>\n","protected":false},"excerpt":{"rendered":"<p>Con el lema &#8220;Fora Temer&#8221; varios artistas, pol\u00edticos y movimientos sociales acompa\u00f1aron a los manifestantes que piden la renuncia de Michel Temer y las elecciones directas &nbsp; &nbsp; &nbsp; &nbsp; Artistas e intelectuales acompa\u00f1aron este domingo a miles de manifestantes en Copacabana, R\u00edo de Janeiro, quienes protestaron contra el presidente no electo de Brasil, Michel Temer, envuelto en un grave esc\u00e1ndalo de corrupci\u00f3n y pidieron la celebraci\u00f3n de elecciones directas. &nbsp; &#8220;Cuando nuestro nietos pregunten d\u00f3nde est\u00e1bamos, decimos que est\u00e1bamos en la playa, escuchando buena m\u00fasica y la lucha por&#8230;<\/p>\n","protected":false},"author":3,"featured_media":12192,"comment_status":"closed","ping_status":"closed","sticky":false,"template":"","format":"standard","meta":[],"categories":[4],"tags":[],"_links":{"self":[{"href":"https:\/\/www.actualidadadiario.com\/index.php\/wp-json\/wp\/v2\/posts\/12191"}],"collection":[{"href":"https:\/\/www.actualidadadiario.com\/index.php\/wp-json\/wp\/v2\/posts"}],"about":[{"href":"https:\/\/www.actualidadadiario.com\/index.php\/wp-json\/wp\/v2\/types\/post"}],"author":[{"embeddable":true,"href":"https:\/\/www.actualidadadiario.com\/index.php\/wp-json\/wp\/v2\/users\/3"}],"replies":[{"embeddable":true,"href":"https:\/\/www.actualidadadiario.com\/index.php\/wp-json\/wp\/v2\/comments?post=12191"}],"version-history":[{"count":1,"href":"https:\/\/www.actualidadadiario.com\/index.php\/wp-json\/wp\/v2\/posts\/12191\/revisions"}],"predecessor-version":[{"id":12193,"href":"https:\/\/www.actualidadadiario.com\/index.php\/wp-json\/wp\/v2\/posts\/12191\/revisions\/12193"}],"wp:featuredmedia":[{"embeddable":true,"href":"https:\/\/www.actualidadadiario.com\/index.php\/wp-json\/wp\/v2\/media\/12192"}],"wp:attachment":[{"href":"https:\/\/www.actualidadadiario.com\/index.php\/wp-json\/wp\/v2\/media?parent=12191"}],"wp:term":[{"taxonomy":"category","embeddable":true,"href":"https:\/\/www.actualidadadiario.com\/index.php\/wp-json\/wp\/v2\/categories?post=12191"},{"taxonomy":"post_tag","embeddable":true,"href":"https:\/\/www.actualidadadiario.com\/index.php\/wp-json\/wp\/v2\/tags?post=12191"}],"curies":[{"name":"wp","href":"https:\/\/api.w.org\/{rel}","templated":true}]}}