{"id":121897,"date":"2024-10-22T13:38:17","date_gmt":"2024-10-22T16:38:17","guid":{"rendered":"https:\/\/www.actualidadadiario.com\/?p=121897"},"modified":"2024-10-22T13:38:17","modified_gmt":"2024-10-22T16:38:17","slug":"atento-colapinto-ya-se-conoce-la-fecha-en-la-que-sauber-anunciara-a-su-segundo-piloto-para-el-2025","status":"publish","type":"post","link":"https:\/\/www.actualidadadiario.com\/index.php\/2024\/10\/22\/atento-colapinto-ya-se-conoce-la-fecha-en-la-que-sauber-anunciara-a-su-segundo-piloto-para-el-2025\/","title":{"rendered":"Atento Colapinto: ya se conoce la fecha en la que Sauber anunciar\u00e1 a su segundo piloto para el 2025"},"content":{"rendered":"<p style=\"text-align: center;\"><em><strong>Lo confirm\u00f3 el director de la escuder\u00eda, Mattia Binotto<\/strong><\/em><\/p>\n<p>&nbsp;<\/p>\n<p>&nbsp;<\/p>\n<p>La llegada del argentino Franco Colapinto a la F\u00f3rmula 1 fue muy buena y le dio serias chances de ocupar una butaca en alg\u00fan equipo para el 2025. Uno de ellos es Sauber, que ya confirm\u00f3 qu\u00e9 d\u00eda anunciar\u00e1 a su segundo piloto.<\/p>\n<p>Colapinto tuvo grandes actuaciones en Williams, donde ya sum\u00f3 cinco puntos (4 en Azerbaiy\u00e1n y 1 en Estados Unidos), aunque en 2025 no tendr\u00e1 lugar en dicha escuder\u00eda ya que hace meses se confirm\u00f3 que tendr\u00e1n como pilotos al tailand\u00e9s Alexander Albon y al espa\u00f1ol Carlos Sainz Jr.<\/p>\n<p>Esta situaci\u00f3n provoc\u00f3 que Colapinto no tenga asegurado un lugar en la F\u00f3rmula 1 en el 2025, aunque tiene serias chances de llegar a una escuder\u00eda: Sauber.<\/p>\n<p>Se trata del equipo con peores resultados en la actual temporada, pero con una gran proyecci\u00f3n a futuro ya que a partir de 2026 pasar\u00e1 a ser Audi y promete ser una de las escuder\u00edas que de pelea arriba.<\/p>\n<p>Durante el Gran Premio de Estados Unidos, donde Colapinto protagoniz\u00f3 una gran remontada y termin\u00f3 d\u00e9cimo, el jefe de la escuder\u00eda, Mattia Binotto, anunci\u00f3 que a \u201cmediados de noviembre\u201d se conocer\u00e1 qui\u00e9n ser\u00e1 el segundo piloto de Sauber, que acompa\u00f1ar\u00e1 al alem\u00e1n Nico Hulkenberg en el 2025.<\/p>\n<p>Es por esto que se espera que la decisi\u00f3n sea anunciada entre el Gran Premio de Brasil (3 de noviembre) y el de Las Vegas (24 de noviembre).<\/p>\n<p>Adem\u00e1s de Colapinto, las otras opciones que se barajan en Sauber son las del finland\u00e9s Valtteri Bottas (actualmente es uno de los pilotos del equipo), el brasilero Gabriel Bortoleto (lidera el campeonato de F\u00f3rmula 2) y el alem\u00e1n Mick Schumacher, hijo del siete veces campe\u00f3n de F\u00f3rmula 1 Michael Schumacher y actual tercer piloto de Mercedes.<\/p>\n<p>La realidad marca que, en caso de desembarcar en Sauber para el 2025, Colapinto no la tendr\u00e1 nada f\u00e1cil ya que el equipo no sum\u00f3 puntos en esta temporada, pero tendr\u00eda una buena oportunidad a partir del 2026, cuando se transforme en Audi.<\/p>\n","protected":false},"excerpt":{"rendered":"<p>Lo confirm\u00f3 el director de la escuder\u00eda, Mattia Binotto &nbsp; &nbsp; La llegada del argentino Franco Colapinto a la F\u00f3rmula 1 fue muy buena y le dio serias chances de ocupar una butaca en alg\u00fan equipo para el 2025. Uno de ellos es Sauber, que ya confirm\u00f3 qu\u00e9 d\u00eda anunciar\u00e1 a su segundo piloto. Colapinto tuvo grandes actuaciones en Williams, donde ya sum\u00f3 cinco puntos (4 en Azerbaiy\u00e1n y 1 en Estados Unidos), aunque en 2025 no tendr\u00e1 lugar en dicha escuder\u00eda ya que hace meses se confirm\u00f3 que tendr\u00e1n&#8230;<\/p>\n","protected":false},"author":3,"featured_media":121831,"comment_status":"closed","ping_status":"closed","sticky":false,"template":"","format":"standard","meta":[],"categories":[4],"tags":[],"_links":{"self":[{"href":"https:\/\/www.actualidadadiario.com\/index.php\/wp-json\/wp\/v2\/posts\/121897"}],"collection":[{"href":"https:\/\/www.actualidadadiario.com\/index.php\/wp-json\/wp\/v2\/posts"}],"about":[{"href":"https:\/\/www.actualidadadiario.com\/index.php\/wp-json\/wp\/v2\/types\/post"}],"author":[{"embeddable":true,"href":"https:\/\/www.actualidadadiario.com\/index.php\/wp-json\/wp\/v2\/users\/3"}],"replies":[{"embeddable":true,"href":"https:\/\/www.actualidadadiario.com\/index.php\/wp-json\/wp\/v2\/comments?post=121897"}],"version-history":[{"count":1,"href":"https:\/\/www.actualidadadiario.com\/index.php\/wp-json\/wp\/v2\/posts\/121897\/revisions"}],"predecessor-version":[{"id":121898,"href":"https:\/\/www.actualidadadiario.com\/index.php\/wp-json\/wp\/v2\/posts\/121897\/revisions\/121898"}],"wp:featuredmedia":[{"embeddable":true,"href":"https:\/\/www.actualidadadiario.com\/index.php\/wp-json\/wp\/v2\/media\/121831"}],"wp:attachment":[{"href":"https:\/\/www.actualidadadiario.com\/index.php\/wp-json\/wp\/v2\/media?parent=121897"}],"wp:term":[{"taxonomy":"category","embeddable":true,"href":"https:\/\/www.actualidadadiario.com\/index.php\/wp-json\/wp\/v2\/categories?post=121897"},{"taxonomy":"post_tag","embeddable":true,"href":"https:\/\/www.actualidadadiario.com\/index.php\/wp-json\/wp\/v2\/tags?post=121897"}],"curies":[{"name":"wp","href":"https:\/\/api.w.org\/{rel}","templated":true}]}}