{"id":121893,"date":"2024-10-22T13:36:59","date_gmt":"2024-10-22T16:36:59","guid":{"rendered":"https:\/\/www.actualidadadiario.com\/?p=121893"},"modified":"2024-10-22T13:36:59","modified_gmt":"2024-10-22T16:36:59","slug":"lula-admitio-que-el-accidente-domestico-que-sufrio-fue-grave","status":"publish","type":"post","link":"https:\/\/www.actualidadadiario.com\/index.php\/2024\/10\/22\/lula-admitio-que-el-accidente-domestico-que-sufrio-fue-grave\/","title":{"rendered":"Lula admiti\u00f3 que el accidente dom\u00e9stico que sufri\u00f3 fue grave"},"content":{"rendered":"<p style=\"text-align: center;\"><em><strong>En una charla revelada por medios brasile\u00f1os, el mandatario reconoci\u00f3 que debe esperar &#8220;tres o cuatro d\u00edas&#8221; para ver c\u00f3mo evoluciona<\/strong><\/em><\/p>\n<p>&nbsp;<\/p>\n<p>&nbsp;<\/p>\n<p>El presidente de Brasil, Luiz In\u00e1cio Lula da Silva, revel\u00f3 que el accidente dom\u00e9stico que sufri\u00f3 en el Palacio de la Alvorada, su residencia oficial, el s\u00e1bado pasado, &#8220;fue grave&#8221; y que debe esperar &#8220;tres o cuatro d\u00edas&#8221; para ver su evoluci\u00f3n.<\/p>\n<p>En una conversaci\u00f3n telef\u00f3nica con Luiz Caetano, candidato del Partido de los Trabajadores (PT) a la alcald\u00eda de Cama\u00e7ari, en el estado de Bah\u00eda, el presidente calific\u00f3 el accidente de &#8220;desprop\u00f3sito&#8221;, seg\u00fan informa la prensa brasile\u00f1a.<\/p>\n<p>&#8220;Estoy bien, tuve un accidente, pero fue una estupidez por mi parte. Fue grave pero no afect\u00f3 ninguna parte delicada&#8221;, coment\u00f3 Lula, que el domingo cumple 79 a\u00f1os.<\/p>\n<p>&nbsp;<\/p>\n<p><strong>El accidente<\/strong><\/p>\n<p>El mandatario explic\u00f3 que se &#8220;est\u00e1 cuidando&#8221;. &#8220;Cualquier cosa en la cabeza es muy fuerte&#8221;, agreg\u00f3, seg\u00fan publica RTenespa\u00f1ol. Hace pocas horas, Lula public\u00f3 una foto en su cuenta de la red social X, en la que est\u00e1 acompa\u00f1ado del asesor especial presidencial, Celso Amorim, y el ministro de Relaciones Institucionales, Alexandre Padilha. De acuerdo con el mandatario, sostienen una reuni\u00f3n de trabajo en el Palacio de la Alvorada, la residencia oficial del presidente brasile\u00f1o.<\/p>\n<p>Seg\u00fan explicaron los medios, el s\u00e1bado tras regresar de Sao Paulo, el mandatario fue al ba\u00f1o en su residencia, donde se sent\u00f3 en un banco, pero \u00e9ste se volc\u00f3. Lula se cay\u00f3 y se golpe\u00f3 la cabeza, lesion\u00e1ndose la nuca; por el hecho debi\u00f3 ser ingresado en el Hospital Sirio-Liban\u00e9s de la ciudad de Brasilia, en el que recibi\u00f3 varios puntos de sutura.<\/p>\n<p>&nbsp;<\/p>\n<p><strong>Qu\u00e9 sigue<\/strong><\/p>\n<p>El m\u00e9dico Roberto Kalil Filho, que trata al mandatario, inform\u00f3 que \u00e9ste tuvo una peque\u00f1a hemorragia cerebral. Detall\u00f3 que puede realizar sus actividades con normalidad, pero permanecer\u00e1 bajo observaci\u00f3n durante los pr\u00f3ximos d\u00edas.<\/p>\n<p>Por este motivo, el presidente cancel\u00f3 su visita a la ciudad rusa de Kaz\u00e1n, donde ten\u00eda previsto asistir a la cumbre de los BRICS, que se celebrar\u00e1 del 22 al 24 de octubre.<\/p>\n","protected":false},"excerpt":{"rendered":"<p>En una charla revelada por medios brasile\u00f1os, el mandatario reconoci\u00f3 que debe esperar &#8220;tres o cuatro d\u00edas&#8221; para ver c\u00f3mo evoluciona &nbsp; &nbsp; El presidente de Brasil, Luiz In\u00e1cio Lula da Silva, revel\u00f3 que el accidente dom\u00e9stico que sufri\u00f3 en el Palacio de la Alvorada, su residencia oficial, el s\u00e1bado pasado, &#8220;fue grave&#8221; y que debe esperar &#8220;tres o cuatro d\u00edas&#8221; para ver su evoluci\u00f3n. En una conversaci\u00f3n telef\u00f3nica con Luiz Caetano, candidato del Partido de los Trabajadores (PT) a la alcald\u00eda de Cama\u00e7ari, en el estado de Bah\u00eda, el&#8230;<\/p>\n","protected":false},"author":3,"featured_media":115367,"comment_status":"closed","ping_status":"closed","sticky":false,"template":"","format":"standard","meta":[],"categories":[4],"tags":[],"_links":{"self":[{"href":"https:\/\/www.actualidadadiario.com\/index.php\/wp-json\/wp\/v2\/posts\/121893"}],"collection":[{"href":"https:\/\/www.actualidadadiario.com\/index.php\/wp-json\/wp\/v2\/posts"}],"about":[{"href":"https:\/\/www.actualidadadiario.com\/index.php\/wp-json\/wp\/v2\/types\/post"}],"author":[{"embeddable":true,"href":"https:\/\/www.actualidadadiario.com\/index.php\/wp-json\/wp\/v2\/users\/3"}],"replies":[{"embeddable":true,"href":"https:\/\/www.actualidadadiario.com\/index.php\/wp-json\/wp\/v2\/comments?post=121893"}],"version-history":[{"count":1,"href":"https:\/\/www.actualidadadiario.com\/index.php\/wp-json\/wp\/v2\/posts\/121893\/revisions"}],"predecessor-version":[{"id":121894,"href":"https:\/\/www.actualidadadiario.com\/index.php\/wp-json\/wp\/v2\/posts\/121893\/revisions\/121894"}],"wp:featuredmedia":[{"embeddable":true,"href":"https:\/\/www.actualidadadiario.com\/index.php\/wp-json\/wp\/v2\/media\/115367"}],"wp:attachment":[{"href":"https:\/\/www.actualidadadiario.com\/index.php\/wp-json\/wp\/v2\/media?parent=121893"}],"wp:term":[{"taxonomy":"category","embeddable":true,"href":"https:\/\/www.actualidadadiario.com\/index.php\/wp-json\/wp\/v2\/categories?post=121893"},{"taxonomy":"post_tag","embeddable":true,"href":"https:\/\/www.actualidadadiario.com\/index.php\/wp-json\/wp\/v2\/tags?post=121893"}],"curies":[{"name":"wp","href":"https:\/\/api.w.org\/{rel}","templated":true}]}}