{"id":121886,"date":"2024-10-22T12:35:46","date_gmt":"2024-10-22T15:35:46","guid":{"rendered":"https:\/\/www.actualidadadiario.com\/?p=121886"},"modified":"2024-10-22T12:35:46","modified_gmt":"2024-10-22T15:35:46","slug":"cristina-cruzo-con-dureza-a-javier-milei-y-termino-con-un-acido-saludo-de-cumpleanos","status":"publish","type":"post","link":"https:\/\/www.actualidadadiario.com\/index.php\/2024\/10\/22\/cristina-cruzo-con-dureza-a-javier-milei-y-termino-con-un-acido-saludo-de-cumpleanos\/","title":{"rendered":"Cristina cruz\u00f3 con dureza a Javier Milei y termin\u00f3 con un \u00e1cido saludo de cumplea\u00f1os"},"content":{"rendered":"<p style=\"text-align: center;\"><em><strong>La expresidenta le respondi\u00f3 al Jefe de Estado en su cuenta de X. Contin\u00faa el cruce virtual entre ambos<\/strong><\/em><\/p>\n<p>&nbsp;<\/p>\n<p>&nbsp;<\/p>\n<p>La expresidenta, Cristina Fern\u00e1ndez de Kirchner, le contest\u00f3 a Javier Milei en las redes sociales. Ambos mantienen un cruce virtual luego de que el Jefe de Estado dijera en una entrevista televisiva que le gustar\u00eda ponerle &#8220;el \u00faltimo clavo al caj\u00f3n del kirchnerismo con Cristina adentro&#8221;.<\/p>\n<p>&#8220;Para hacerla corta, tu disculpa culposa, adem\u00e1s de rid\u00edcula, sobre las met\u00e1foras y no s\u00e9 qu\u00e9 otra cosa m\u00e1s, no era necesaria. Siempre tomo las cosas como de quien viene. En tu caso, el de una persona que presenta una fuerte y sintom\u00e1tica disociaci\u00f3n entre lo que hace y dice; y los efectos que sus palabras y sus medidas de gobierno provocan en la vida cotidiana de millones de argentinos. Expresiones tales como &#8216;los salarios y las jubilaciones le vienen ganando a la inflaci\u00f3n&#8217; o &#8216;de ahora en adelante s\u00f3lo vamos a tener buenas noticias&#8217; vertidas en el mismo programa del clavo, el caj\u00f3n y Cristina adentro; son reveladoras del diagn\u00f3stico: no hacerse cargo de nada&#8221;, comienza el posteo de la exmandataria.<\/p>\n<p>A continuaci\u00f3n, Cristina Fern\u00e1ndez de Kirchner public\u00f3: &#8220;La verdad de la milanesa es que en la Argentina que est\u00e1s armando, los \u00fanicos que tienen ganancia extraordinarias aseguradas son los sectores financieros y los vinculados a la energ\u00eda. Cuando les termines de hacer el trabajo sucio de destrucci\u00f3n del Estado, de lo p\u00fablico y de precarizar el trabajo, los que hoy te aplauden en los coloquios cuando pute\u00e1s a un muerto, te van a soltar la mano y te van a descartar como se hace con esos admin\u00edculos que s\u00f3lo se pueden usar una vez (\u00bfves? Eso s\u00ed que es una met\u00e1fora). \u00bfO no te diste cuenta el t\u00edtulo que te pusieron en el coloquio al que fuiste a putear? (60\u00ba Coloquio de IDEA: &#8216;Si no es ahora, cuando&#8217;)&#8221;.<\/p>\n<p>La expresidenta dijo que no quiere no quiere &#8220;que le vaya mal al pa\u00eds&#8221;: &#8220;El 27 de abril te dije, desde Quilmes, que el \u00e1rea de energ\u00eda estaba mal. Pataleaste pero al final tuviste que echar al responsable del \u00e1rea y te la termin\u00f3 manoteando Macri. En fin\u2026 En cuanto a tu consabida monserga sobre los Gobiernos en los que fui Presidenta (no pretender\u00e1s hacerme cargo de las medidas de Alberto. Vos mejor que nadie sab\u00e9s que la lapicera la tiene el Presidente y sino, preguntale a Villarruel), te aclaro que me eligieron 2 veces Presidenta sin que nadie me \u201cprestara\u201d los votos. Vos y Macri son los \u00fanicos presidentes que fueron elegidos por balotaje&#8221;.<\/p>\n<p>&#8220;Cuando termin\u00e9 mi segundo mandato (despu\u00e9s de lograr la reelecci\u00f3n en primera vuelta con el 55% de los votos), nos despidi\u00f3 una Plaza de Mayo desbordada en un acto \u00fanico en nuestra historia. Hab\u00edamos duplicado la clase media, esa que vos est\u00e1s haciendo desaparecer (y eso no es una met\u00e1fora). A los argentinos el sueldo les alcanzaba y hasta pod\u00edan ahorrar. Hab\u00edamos desendeudado el pa\u00eds, reestructurando y pagando la deuda que otros hab\u00edan defaulteado y hasta cancelado la deuda con el FMI. Al 9 de diciembre de 2015 el Riesgo Pa\u00eds era la mitad del que tenemos hoy en d\u00eda. Pero entonces \u00bfqui\u00e9n lleg\u00f3? Toto Caputo (tu actual ministro) y Macri, que volvieron a endeudar la Argentina y terminaron trayendo nuevamente al FMI con un pr\u00e9stamo in\u00e9dito de 57 mil millones de d\u00f3lares. La realidad es la \u00fanica verdad. Que la cuenten como quieran, pero eso es lo que pas\u00f3 y es lo que nunca me van a perdonar. S\u00e9 que hoy es tu cumplea\u00f1os n\u00famero 54. Que termines bien el d\u00eda, Milei&#8221;, finaliz\u00f3 Cristina su posteo.<\/p>\n","protected":false},"excerpt":{"rendered":"<p>La expresidenta le respondi\u00f3 al Jefe de Estado en su cuenta de X. Contin\u00faa el cruce virtual entre ambos &nbsp; &nbsp; La expresidenta, Cristina Fern\u00e1ndez de Kirchner, le contest\u00f3 a Javier Milei en las redes sociales. Ambos mantienen un cruce virtual luego de que el Jefe de Estado dijera en una entrevista televisiva que le gustar\u00eda ponerle &#8220;el \u00faltimo clavo al caj\u00f3n del kirchnerismo con Cristina adentro&#8221;. &#8220;Para hacerla corta, tu disculpa culposa, adem\u00e1s de rid\u00edcula, sobre las met\u00e1foras y no s\u00e9 qu\u00e9 otra cosa m\u00e1s, no era necesaria. Siempre&#8230;<\/p>\n","protected":false},"author":3,"featured_media":121887,"comment_status":"closed","ping_status":"closed","sticky":false,"template":"","format":"standard","meta":[],"categories":[18],"tags":[],"_links":{"self":[{"href":"https:\/\/www.actualidadadiario.com\/index.php\/wp-json\/wp\/v2\/posts\/121886"}],"collection":[{"href":"https:\/\/www.actualidadadiario.com\/index.php\/wp-json\/wp\/v2\/posts"}],"about":[{"href":"https:\/\/www.actualidadadiario.com\/index.php\/wp-json\/wp\/v2\/types\/post"}],"author":[{"embeddable":true,"href":"https:\/\/www.actualidadadiario.com\/index.php\/wp-json\/wp\/v2\/users\/3"}],"replies":[{"embeddable":true,"href":"https:\/\/www.actualidadadiario.com\/index.php\/wp-json\/wp\/v2\/comments?post=121886"}],"version-history":[{"count":1,"href":"https:\/\/www.actualidadadiario.com\/index.php\/wp-json\/wp\/v2\/posts\/121886\/revisions"}],"predecessor-version":[{"id":121888,"href":"https:\/\/www.actualidadadiario.com\/index.php\/wp-json\/wp\/v2\/posts\/121886\/revisions\/121888"}],"wp:featuredmedia":[{"embeddable":true,"href":"https:\/\/www.actualidadadiario.com\/index.php\/wp-json\/wp\/v2\/media\/121887"}],"wp:attachment":[{"href":"https:\/\/www.actualidadadiario.com\/index.php\/wp-json\/wp\/v2\/media?parent=121886"}],"wp:term":[{"taxonomy":"category","embeddable":true,"href":"https:\/\/www.actualidadadiario.com\/index.php\/wp-json\/wp\/v2\/categories?post=121886"},{"taxonomy":"post_tag","embeddable":true,"href":"https:\/\/www.actualidadadiario.com\/index.php\/wp-json\/wp\/v2\/tags?post=121886"}],"curies":[{"name":"wp","href":"https:\/\/api.w.org\/{rel}","templated":true}]}}