{"id":121884,"date":"2024-10-22T12:28:47","date_gmt":"2024-10-22T15:28:47","guid":{"rendered":"https:\/\/www.actualidadadiario.com\/?p=121884"},"modified":"2024-10-22T12:28:47","modified_gmt":"2024-10-22T15:28:47","slug":"se-rompe-el-bloque-radical-de-loredo-afirma-que-la-situacion-no-esta-facil","status":"publish","type":"post","link":"https:\/\/www.actualidadadiario.com\/index.php\/2024\/10\/22\/se-rompe-el-bloque-radical-de-loredo-afirma-que-la-situacion-no-esta-facil\/","title":{"rendered":"\u00bfSe rompe el bloque radical?: De Loredo afirma que la situaci\u00f3n \u201cno est\u00e1 f\u00e1cil\u201d"},"content":{"rendered":"<p style=\"text-align: center;\"><em><strong>El jefe del bloque de la UCR, Rodrigo de Loredo, admiti\u00f3 las dificultades para mantener la unidad de los diputados radicales ante las crecientes diferencias sobre el apoyo al gobierno de Javier Milei<\/strong><\/em><\/p>\n<p>&nbsp;<\/p>\n<p>&nbsp;<\/p>\n<p>El l\u00edder del bloque radical en Diputados, Rodrigo de Loredo, no esquiv\u00f3 la pregunta sobre el incierto futuro de su espacio pol\u00edtico, que enfrenta este martes una jornada clave. \u201cEstoy trabajando para que el bloque no se rompa, pero no est\u00e1 f\u00e1cil\u201d, confes\u00f3 de Loredo al periodista Joaqu\u00edn Morales Sol\u00e1, reflejando el clima de tensi\u00f3n que atraviesa la Uni\u00f3n C\u00edvica Radical (UCR).<\/p>\n<p>Con un tono de preocupaci\u00f3n, De Loredo hizo un llamado a la responsabilidad, destacando que su espacio debe representar el mandato de cambio expresado por su electorado. Sin embargo, reconoci\u00f3 que existen &#8220;diferencias en lo institucional&#8221; con el presidente Javier Milei, en cuestiones sensibles como las jubilaciones y las universidades, aunque aclar\u00f3 que su bloque ha apoyado las reformas impulsadas por el gobierno en otros aspectos.<\/p>\n<p>Un bloque dividido entre la lealtad y la ruptura<\/p>\n<p>El martes ser\u00e1 un d\u00eda crucial para el bloque radical, donde existen dos posiciones enfrentadas. Por un lado, una importante cantidad de legisladores alineados con Evoluci\u00f3n Radical y Facundo Manes han manifestado su rechazo a compartir espacio con aquellos diputados que se han mostrado cercanos al gobierno de Milei. Estos cinco legisladores, que se fotografiaron junto al presidente, son vistos por sus compa\u00f1eros como parte del oficialismo.<\/p>\n<p>Por otro lado, el foco est\u00e1 puesto en un grupo de quince o veinte diputados que a\u00fan no han definido su postura. Este grupo, al que algunos califican despectivamente como &#8220;tibios&#8221;, incluye a figuras como Julio Cobos, Mario Barletta y Fabio Quetglas, quienes no muestran afinidad con Milei pero tampoco han optado por romper filas.<\/p>\n<p>Un diputado alineado con Manes plante\u00f3 este lunes la disyuntiva que enfrentan estos legisladores: \u201c\u00bfVan a seguir conviviendo con quienes los acusan de ser funcionales al kirchnerismo por defender las banderas hist\u00f3ricas del radicalismo, como la educaci\u00f3n y los jubilados?\u201d.<\/p>\n<p>&nbsp;<\/p>\n<p><strong>De Loredo busca unidad, pero cuestiona la conducci\u00f3n<\/strong><\/p>\n<p>En la previa de la decisiva reuni\u00f3n del bloque, De Loredo utiliz\u00f3 una met\u00e1fora automovil\u00edstica para describir la situaci\u00f3n del partido: \u201cEl radicalismo tiene muchos Colapintos en el interior, exitosos\u2026 pero nuestra escuder\u00eda est\u00e1 da\u00f1ada por decisiones err\u00e1ticas de la conducci\u00f3n nacional\u201d, se\u00f1al\u00f3. Adem\u00e1s, critic\u00f3 a quienes, desde su perspectiva, se han apresurado a asumir una postura de ultraoposici\u00f3n sin contemplar la coherencia que, seg\u00fan \u00e9l, han mantenido en cuestiones clave como los ajustes que Milei ha implementado y que ya estaban previstos en la plataforma de Juntos por el Cambio.<\/p>\n<p>Con un panorama incierto y las tensiones al m\u00e1ximo, la reuni\u00f3n de este martes ser\u00e1 determinante para el futuro del bloque radical, y De Loredo trabaja contra reloj para evitar una ruptura que podr\u00eda redefinir el mapa pol\u00edtico del Congreso.<\/p>\n","protected":false},"excerpt":{"rendered":"<p>El jefe del bloque de la UCR, Rodrigo de Loredo, admiti\u00f3 las dificultades para mantener la unidad de los diputados radicales ante las crecientes diferencias sobre el apoyo al gobierno de Javier Milei &nbsp; &nbsp; El l\u00edder del bloque radical en Diputados, Rodrigo de Loredo, no esquiv\u00f3 la pregunta sobre el incierto futuro de su espacio pol\u00edtico, que enfrenta este martes una jornada clave. \u201cEstoy trabajando para que el bloque no se rompa, pero no est\u00e1 f\u00e1cil\u201d, confes\u00f3 de Loredo al periodista Joaqu\u00edn Morales Sol\u00e1, reflejando el clima de tensi\u00f3n&#8230;<\/p>\n","protected":false},"author":3,"featured_media":120025,"comment_status":"closed","ping_status":"closed","sticky":false,"template":"","format":"standard","meta":[],"categories":[18],"tags":[],"_links":{"self":[{"href":"https:\/\/www.actualidadadiario.com\/index.php\/wp-json\/wp\/v2\/posts\/121884"}],"collection":[{"href":"https:\/\/www.actualidadadiario.com\/index.php\/wp-json\/wp\/v2\/posts"}],"about":[{"href":"https:\/\/www.actualidadadiario.com\/index.php\/wp-json\/wp\/v2\/types\/post"}],"author":[{"embeddable":true,"href":"https:\/\/www.actualidadadiario.com\/index.php\/wp-json\/wp\/v2\/users\/3"}],"replies":[{"embeddable":true,"href":"https:\/\/www.actualidadadiario.com\/index.php\/wp-json\/wp\/v2\/comments?post=121884"}],"version-history":[{"count":1,"href":"https:\/\/www.actualidadadiario.com\/index.php\/wp-json\/wp\/v2\/posts\/121884\/revisions"}],"predecessor-version":[{"id":121885,"href":"https:\/\/www.actualidadadiario.com\/index.php\/wp-json\/wp\/v2\/posts\/121884\/revisions\/121885"}],"wp:featuredmedia":[{"embeddable":true,"href":"https:\/\/www.actualidadadiario.com\/index.php\/wp-json\/wp\/v2\/media\/120025"}],"wp:attachment":[{"href":"https:\/\/www.actualidadadiario.com\/index.php\/wp-json\/wp\/v2\/media?parent=121884"}],"wp:term":[{"taxonomy":"category","embeddable":true,"href":"https:\/\/www.actualidadadiario.com\/index.php\/wp-json\/wp\/v2\/categories?post=121884"},{"taxonomy":"post_tag","embeddable":true,"href":"https:\/\/www.actualidadadiario.com\/index.php\/wp-json\/wp\/v2\/tags?post=121884"}],"curies":[{"name":"wp","href":"https:\/\/api.w.org\/{rel}","templated":true}]}}