{"id":121880,"date":"2024-10-22T12:27:29","date_gmt":"2024-10-22T15:27:29","guid":{"rendered":"https:\/\/www.actualidadadiario.com\/?p=121880"},"modified":"2024-10-22T12:27:29","modified_gmt":"2024-10-22T15:27:29","slug":"el-gobierno-suspendera-los-beneficios-impositivos-a-los-clubes-y-tensa-la-relacion-con-afa","status":"publish","type":"post","link":"https:\/\/www.actualidadadiario.com\/index.php\/2024\/10\/22\/el-gobierno-suspendera-los-beneficios-impositivos-a-los-clubes-y-tensa-la-relacion-con-afa\/","title":{"rendered":"El Gobierno suspender\u00e1 los beneficios impositivos a los clubes y tensa la relaci\u00f3n con AFA"},"content":{"rendered":"<p style=\"text-align: center;\"><em><strong>A trav\u00e9s del Decreto 939\/2024, el Ejecutivo puso un l\u00edmite al r\u00e9gimen especial de contribuciones patronales y estableci\u00f3 la creaci\u00f3n de un comit\u00e9 para discutir nuevas condiciones, en una medida para ahogar econ\u00f3micamente a las entidades y forzar la llegada de las sociedades an\u00f3nimas deportivas (SAD)<\/strong><\/em><\/p>\n<p>&nbsp;<\/p>\n<p>&nbsp;<\/p>\n<p>Sigue la tensi\u00f3n entre la la Asociaci\u00f3n del F\u00fatbol Argentino (AFA) y el Gobierno. Luego de la reelecci\u00f3n de Claudio &#8220;Chiqui&#8221; Tapia como presidente de la entidad de manera casi un\u00e1nime, el Ejecutivo contraatac\u00f3 con la suspensi\u00f3n de beneficios impositivos y la creaci\u00f3n de un comit\u00e9 para &#8220;discutir la reformulaci\u00f3n del r\u00e9gimen y diagramar un sistema eficiente, suficiente y sostenible&#8221;, como una medida para ahogar econ\u00f3micamente a los clubes y desgastar su posici\u00f3n de cara a la inclusi\u00f3n de las sociedades an\u00f3nimas deportivas (SAD) en el medio local.<\/p>\n<p>La medida se implement\u00f3 a trav\u00e9s del Decreto 939\/2024, publicado este martes en el Bolet\u00edn Oficial con las firmas del presidente Javier Milei, el jefe de Gabinete, Guillermo Francos, y los ministros de Desregulaci\u00f3n y Transformaci\u00f3n del Estado, Federico Sturzenegger, y de Econom\u00eda, Luis Caputo.<\/p>\n<p>La norma justifica que la aplicaci\u00f3n del r\u00e9gimen ordenado por el Decreto N\u00b0 510\/23, con menores aportes y contribuciones a la seguridad social, &#8220;implic\u00f3, entre los meses de noviembre de 2023 a abril de 2024, una p\u00e9rdida de $7.091.928.560 en el r\u00e9gimen general&#8221;. &#8220;Considerando el escenario antes descrito, resulta necesario fijar un plazo para evaluar y revisar el r\u00e9gimen actual&#8221; y &#8220;se estima pertinente crear un comit\u00e9, cuyas opiniones no ser\u00e1n vinculantes, el que tendr\u00e1 como prop\u00f3sito discutir la reformulaci\u00f3n del r\u00e9gimen y diagramar un sistema eficiente, suficiente y sostenible para su reemplazo&#8221;, agrega el texto.<\/p>\n<p>As\u00ed, el Gobierno le puso fecha de finalizaci\u00f3n al &#8220;r\u00e9gimen establecido por el Decreto 510 del 10 octubre de 2023&#8221;, que concluir\u00e1 el 22 de abril de 2025. Adem\u00e1s, cre\u00f3 el comit\u00e9 de revisi\u00f3n, que comenzar\u00e1 a funcionar a principios de noviembre, y tendr\u00e1 como prop\u00f3sito &#8220;discutir la procedencia y reformulaci\u00f3n del r\u00e9gimen, torn\u00e1ndolo eficiente, suficiente y sostenible para reemplazar el r\u00e9gimen&#8221; finalizado. &#8220;Las recomendaciones que formule el Comit\u00e9 ser\u00e1n de car\u00e1cter no vinculante y ser\u00e1n remitidas a la Jefatura de Gabinete para su consideraci\u00f3n con las \u00e1reas competentes, seg\u00fan corresponda&#8221;, a\u00f1ade el decreto.<\/p>\n<p>El comit\u00e9 estar\u00e1 conformado por un representante del Ministerio de Justicia, uno del de Econom\u00eda, uno del de Transformaci\u00f3n y Desregulaci\u00f3n del Estado, uno de la AFIP, uno de ANSES, uno de la Secretar\u00eda de Trabajo, uno Subsecretar\u00eda de Turismo, Ambiente y Deportes, uno de la AFA, dos de los clubes de Primera Divisi\u00f3n y uno de las categor\u00edas de Ascenso.<\/p>\n","protected":false},"excerpt":{"rendered":"<p>A trav\u00e9s del Decreto 939\/2024, el Ejecutivo puso un l\u00edmite al r\u00e9gimen especial de contribuciones patronales y estableci\u00f3 la creaci\u00f3n de un comit\u00e9 para discutir nuevas condiciones, en una medida para ahogar econ\u00f3micamente a las entidades y forzar la llegada de las sociedades an\u00f3nimas deportivas (SAD) &nbsp; &nbsp; Sigue la tensi\u00f3n entre la la Asociaci\u00f3n del F\u00fatbol Argentino (AFA) y el Gobierno. Luego de la reelecci\u00f3n de Claudio &#8220;Chiqui&#8221; Tapia como presidente de la entidad de manera casi un\u00e1nime, el Ejecutivo contraatac\u00f3 con la suspensi\u00f3n de beneficios impositivos y la&#8230;<\/p>\n","protected":false},"author":3,"featured_media":121619,"comment_status":"closed","ping_status":"closed","sticky":false,"template":"","format":"standard","meta":[],"categories":[18],"tags":[],"_links":{"self":[{"href":"https:\/\/www.actualidadadiario.com\/index.php\/wp-json\/wp\/v2\/posts\/121880"}],"collection":[{"href":"https:\/\/www.actualidadadiario.com\/index.php\/wp-json\/wp\/v2\/posts"}],"about":[{"href":"https:\/\/www.actualidadadiario.com\/index.php\/wp-json\/wp\/v2\/types\/post"}],"author":[{"embeddable":true,"href":"https:\/\/www.actualidadadiario.com\/index.php\/wp-json\/wp\/v2\/users\/3"}],"replies":[{"embeddable":true,"href":"https:\/\/www.actualidadadiario.com\/index.php\/wp-json\/wp\/v2\/comments?post=121880"}],"version-history":[{"count":1,"href":"https:\/\/www.actualidadadiario.com\/index.php\/wp-json\/wp\/v2\/posts\/121880\/revisions"}],"predecessor-version":[{"id":121881,"href":"https:\/\/www.actualidadadiario.com\/index.php\/wp-json\/wp\/v2\/posts\/121880\/revisions\/121881"}],"wp:featuredmedia":[{"embeddable":true,"href":"https:\/\/www.actualidadadiario.com\/index.php\/wp-json\/wp\/v2\/media\/121619"}],"wp:attachment":[{"href":"https:\/\/www.actualidadadiario.com\/index.php\/wp-json\/wp\/v2\/media?parent=121880"}],"wp:term":[{"taxonomy":"category","embeddable":true,"href":"https:\/\/www.actualidadadiario.com\/index.php\/wp-json\/wp\/v2\/categories?post=121880"},{"taxonomy":"post_tag","embeddable":true,"href":"https:\/\/www.actualidadadiario.com\/index.php\/wp-json\/wp\/v2\/tags?post=121880"}],"curies":[{"name":"wp","href":"https:\/\/api.w.org\/{rel}","templated":true}]}}