{"id":12188,"date":"2017-05-29T10:37:20","date_gmt":"2017-05-29T13:37:20","guid":{"rendered":"http:\/\/actualidadadiario.com\/site\/?p=12188"},"modified":"2017-05-29T10:37:20","modified_gmt":"2017-05-29T13:37:20","slug":"en-medio-de-la-crisis-temer-cambia-a-su-ministro-de-justicia","status":"publish","type":"post","link":"https:\/\/www.actualidadadiario.com\/index.php\/2017\/05\/29\/en-medio-de-la-crisis-temer-cambia-a-su-ministro-de-justicia\/","title":{"rendered":"En medio de la crisis, Temer cambia a su ministro de Justicia"},"content":{"rendered":"<p><em><strong>El presidente de Brasil, Michel Temer, orden\u00f3 el intercambio de carteras entre sus hasta ahora ministros de Justicia, Osmar Serraglio, y de Transparencia, Torquato Jardim, y volvi\u00f3 a prometer que cuando termine su mandato dejar\u00e1 &#8220;un pa\u00eds mejor&#8221; que el que recibi\u00f3<\/strong><\/em><\/p>\n<p>&nbsp;<\/p>\n<p>&nbsp;<\/p>\n<p>&nbsp;<\/p>\n<p>&nbsp;<\/p>\n<p>&nbsp;<\/p>\n<p>El gobierno anunci\u00f3 el reemplazo de Serraglio por Jardim en un comunicado divulgado por el vocero presidencial, Alexandre Parola, en el que no se informaron los motivos de la decisi\u00f3n.<\/p>\n<p>&nbsp;<\/p>\n<p>Poco m\u00e1s tarde, fuentes oficiales revelaron la otra parte del enroque y despejaron la versi\u00f3n seg\u00fan la cual Serraglio volver\u00eda a ocupar su banca en la C\u00e1mara de Diputados.<\/p>\n<p>&nbsp;<\/p>\n<p>Serraglio estaba al frente del Ministerio de Justicia desde febrero pasado y en marzo fue divulgada una grabaci\u00f3n de audio que lo vincula con el esc\u00e1ndalo de corrupci\u00f3n Carne D\u00e9bil, de frigor\u00edficos que adulteraron alimentos vencidos para exportarlos o venderlos en el mercado interno con complicidad de autoridades.<\/p>\n<p>&nbsp;<\/p>\n<p>El enroque en el gabinete busca reforzar la influencia del Ejecutivo ante el Supremo Tribunal Federal (STF) que investiga a Temer, el senador y l\u00edder socialdem\u00f3crata A\u00e9cio Neves, y el diputado Rodrigo Rocha Loures, del Partido del Movimiento Democr\u00e1tico de Brasil (PMDB) del mandatario.<\/p>\n<p>&nbsp;<\/p>\n<p>Rocha Loures asumi\u00f3 como diputado precisamente cuando Serraglio pas\u00f3 al Ministerio de Justicia, por ser su suplente, y la semana pasada entreg\u00f3 a la Polic\u00eda Federal una valija con dinero que hab\u00eda desaparecido a fines de abril y est\u00e1 relacionada con otro esc\u00e1ndalo de corrupci\u00f3n que involucra al propio Temer.<\/p>\n<p>&nbsp;<\/p>\n<p>El cambio en el gabinete se produce en medio de la peor crisis que vive la administraci\u00f3n de Temer desde su asunci\u00f3n en mayo de 2016.<\/p>\n<p>&nbsp;<\/p>\n<p>La semana pasada trascendi\u00f3 que ejecutivos del grupo JBS afirmaron ante la Justicia que Temer recibi\u00f3 coimas desde 2010 y entregaron una grabaci\u00f3n en la que el mandatario consiente posibles delitos, por lo que el STF abri\u00f3 una investigaci\u00f3n contra \u00e9l por corrupci\u00f3n pasiva, obstrucci\u00f3n a la justicia y asociaci\u00f3n il\u00edcita.<\/p>\n<p>&nbsp;<\/p>\n<p>En ese contexto, Temer se comprometi\u00f3 a &#8220;perseverar&#8221; en el camino emprendido, volvi\u00f3 a prometer que entregar\u00e1 a su sucesor &#8220;un pa\u00eds mejor&#8221; que el que recibi\u00f3, y advirti\u00f3 que es indispensable disponer &#8220;reformas&#8221; para que Brasil crezca.<\/p>\n<p>&nbsp;<\/p>\n<p>&#8220;Vamos a perseverar en este camino; no me desviar\u00e9 de entregar a mi sucesor, en 2019, un pa\u00eds mejor que el que recib\u00ed; sin reformas, Brasil no se sustentar\u00e1&#8221;, afirm\u00f3 el jefe del Estado en un art\u00edculo con su firma publicado hoy por el diario Folha de Sao Paulo.<\/p>\n<p>&nbsp;<\/p>\n<p>&#8220;S\u00e9 que todos esperan evaluaciones con respecto a este momento de crisis; me gustar\u00eda, por eso, remarcar que la Constituci\u00f3n es nuestra \u00fanica gu\u00eda; ella garantiza nuestros derechos pol\u00edticos y la protecci\u00f3n de los derechos individuales&#8221;, sostuvo.<\/p>\n<p>&nbsp;<\/p>\n<p>Temer puso en duda los indicios que lo vinculan con episodios de corrupci\u00f3n: &#8220;Dem\u00f3crata como soy, veo la libertad de expresi\u00f3n que es extrapolada por interpretaciones voluntaristas, sin que se comprueben bien los datos; falsas confesiones son difundidas en una grabaci\u00f3n clandestina, inservible, seg\u00fan los peritos, como prueba, y que ni siquiera fue revisada&#8221;, dijo.<\/p>\n<p>&nbsp;<\/p>\n<p>&#8220;A los criminales que planearon todo les dieron un pasaporte libre para que vivan con lujos en cualquier parte del mundo; en lo que a m\u00ed compete, seguir\u00e9 trabajando por Brasil&#8221;, finaliz\u00f3.<\/p>\n","protected":false},"excerpt":{"rendered":"<p>El presidente de Brasil, Michel Temer, orden\u00f3 el intercambio de carteras entre sus hasta ahora ministros de Justicia, Osmar Serraglio, y de Transparencia, Torquato Jardim, y volvi\u00f3 a prometer que cuando termine su mandato dejar\u00e1 &#8220;un pa\u00eds mejor&#8221; que el que recibi\u00f3 &nbsp; &nbsp; &nbsp; &nbsp; &nbsp; El gobierno anunci\u00f3 el reemplazo de Serraglio por Jardim en un comunicado divulgado por el vocero presidencial, Alexandre Parola, en el que no se informaron los motivos de la decisi\u00f3n. &nbsp; Poco m\u00e1s tarde, fuentes oficiales revelaron la otra parte del enroque y&#8230;<\/p>\n","protected":false},"author":3,"featured_media":12189,"comment_status":"closed","ping_status":"closed","sticky":false,"template":"","format":"standard","meta":[],"categories":[4],"tags":[],"_links":{"self":[{"href":"https:\/\/www.actualidadadiario.com\/index.php\/wp-json\/wp\/v2\/posts\/12188"}],"collection":[{"href":"https:\/\/www.actualidadadiario.com\/index.php\/wp-json\/wp\/v2\/posts"}],"about":[{"href":"https:\/\/www.actualidadadiario.com\/index.php\/wp-json\/wp\/v2\/types\/post"}],"author":[{"embeddable":true,"href":"https:\/\/www.actualidadadiario.com\/index.php\/wp-json\/wp\/v2\/users\/3"}],"replies":[{"embeddable":true,"href":"https:\/\/www.actualidadadiario.com\/index.php\/wp-json\/wp\/v2\/comments?post=12188"}],"version-history":[{"count":1,"href":"https:\/\/www.actualidadadiario.com\/index.php\/wp-json\/wp\/v2\/posts\/12188\/revisions"}],"predecessor-version":[{"id":12190,"href":"https:\/\/www.actualidadadiario.com\/index.php\/wp-json\/wp\/v2\/posts\/12188\/revisions\/12190"}],"wp:featuredmedia":[{"embeddable":true,"href":"https:\/\/www.actualidadadiario.com\/index.php\/wp-json\/wp\/v2\/media\/12189"}],"wp:attachment":[{"href":"https:\/\/www.actualidadadiario.com\/index.php\/wp-json\/wp\/v2\/media?parent=12188"}],"wp:term":[{"taxonomy":"category","embeddable":true,"href":"https:\/\/www.actualidadadiario.com\/index.php\/wp-json\/wp\/v2\/categories?post=12188"},{"taxonomy":"post_tag","embeddable":true,"href":"https:\/\/www.actualidadadiario.com\/index.php\/wp-json\/wp\/v2\/tags?post=12188"}],"curies":[{"name":"wp","href":"https:\/\/api.w.org\/{rel}","templated":true}]}}