{"id":121878,"date":"2024-10-22T12:26:51","date_gmt":"2024-10-22T15:26:51","guid":{"rendered":"https:\/\/www.actualidadadiario.com\/?p=121878"},"modified":"2024-10-22T12:26:51","modified_gmt":"2024-10-22T15:26:51","slug":"pichetto-le-contesto-a-milei-lo-unico-miserable-es-la-realidad-en-la-que-viven-muchos-argentinos","status":"publish","type":"post","link":"https:\/\/www.actualidadadiario.com\/index.php\/2024\/10\/22\/pichetto-le-contesto-a-milei-lo-unico-miserable-es-la-realidad-en-la-que-viven-muchos-argentinos\/","title":{"rendered":"Pichetto le contest\u00f3 a Milei: \u201cLo \u00fanico miserable es la realidad en la que viven muchos argentinos\u201d"},"content":{"rendered":"<p style=\"text-align: center;\"><em><strong>El jefe de bloque de Encuentro Federal se aleja cada vez m\u00e1s de la postura dialoguista frente a las acusaciones del presidente Javier Milei. Un cruce que comenz\u00f3 en la \u00faltima sesi\u00f3n en Diputados y tuvo un nuevo round en X<\/strong><\/em><\/p>\n<p>&nbsp;<\/p>\n<p>&nbsp;<\/p>\n<p>El presidente del bloque Encuentro Federal, Miguel \u00c1ngel Pichetto, sali\u00f3 a defenderse, v\u00eda X, de las acusaciones que le hizo el presidente de la Naci\u00f3n, Javier Milei, la semana pasada y asever\u00f3 que \u201clo \u00fanico miserable es la realidad en la que viven muchos argentinos\u201d.<\/p>\n<p>El titular de la bancada multisectorial, uno de los principales referentes de la oposici\u00f3n dialoguista, suele tener intervenciones dirigidas al Gobierno nacional en cada sesi\u00f3n. La \u00faltima fue m\u00e1s un reclamo que las usuales sugerencias en el marco del veto a la ley de financiamiento universitario.<\/p>\n<p>Ya sin la mesura que ten\u00eda en el tratamiento de la Ley de Bases, Pichetto fue m\u00e1s all\u00e1 y compar\u00f3 al Gobierno con \u201cun barco sin luces en el mar, un tren que no llega a ninguna estaci\u00f3n; una sociedad an\u00f3nima de destrucci\u00f3n masiva de lo poco que nos queda de un poco de bienestar del Estado argentino\u201d.<\/p>\n<p>\u201c\u00bfQu\u00e9 es lo que expresan con este plan econ\u00f3mico, que no sabemos cu\u00e1l es el plan? \u00bfCu\u00e1l es el ajuste al estilo de Mart\u00ednez de Hoz? Ahora abrieron las exportaciones chinas\u2026 Cuando Estados Unidos aprieta para controlar a trav\u00e9s de la Aduana, ac\u00e1 abrimos alegremente\u201d, se hab\u00eda quejado. Y asever\u00f3: \u201cExpliquen el plan econ\u00f3mico, ad\u00f3nde nos llevan; d\u00edgannos ad\u00f3nde van, porque ahora tenemos que abordar el debate del Presupuesto\u2026 Esperamos que el ministro venga, que tenga un gesto con esta casa\u201d.<\/p>\n<p>Como era de esperar, la respuesta del jefe de Estado lleg\u00f3 una semana despu\u00e9s en una entrevista con Antonio Laje en el canal LN+, donde arremeti\u00f3 contra el hist\u00f3rico legislador: \u201cPichetto es un ignorante en t\u00e9rminos de econom\u00eda porque, primero, es absolutamente inv\u00e1lida la comparaci\u00f3n con el programa de Mart\u00ednez de Hoz\u201d.<\/p>\n<p>Y a\u00f1adi\u00f3: \u201cB\u00e1sicamente una de las cosas que no hizo el programa de Mart\u00ednez de Hoz fue el ajuste fiscal. Otra cosa que yo tambi\u00e9n le podr\u00eda decir es que eso fue en un r\u00e9gimen dictatorial y esto es en democracia. Estas analog\u00edas son bastante poco felices\u201d.<\/p>\n<p>A casi dos semanas del discurso de Pichetto y a una de la respuesta de Milei, el jefe de bancada de EF volvi\u00f3 a la carga, esta vez por X: \u201cRespecto al comentario de Milei sobre mi discurso, lo \u00fanico miserable es la realidad en la que viven muchos argentinos\u201d, y acompa\u00f1\u00f3: \u201cLe incomod\u00f3 lo de la tablita de Mart\u00ednez de Hoz y Ricardo Arriazu durante la Dictadura. Lamentablemente, se parece mucho al crawling peg de Caputo\u201d.<\/p>\n<p>En ese punto, tambi\u00e9n apunt\u00f3 contra el periodista que entrevist\u00f3 al jefe de Estado: \u201cTambi\u00e9n es miserable la actitud del periodista que lo entrevist\u00f3, incapaz de defender a un colega del mismo medio\u201d. \u201cCuidado con seguir agitando la violencia\u201d, alert\u00f3 Miguel \u00c1ngel Pichetto.<\/p>\n<p>Durante los primeros meses de la gesti\u00f3n del libertario, el jefe de bloque de Encuentro Federal se mostr\u00f3 con una actitud dialoguista que mes a mes lo fue alejando cada vez m\u00e1s de acordar con el oficialismo, incluso, dej\u00e1ndolo sin qu\u00f3rum en la primera sesi\u00f3n tras el receso.<\/p>\n","protected":false},"excerpt":{"rendered":"<p>El jefe de bloque de Encuentro Federal se aleja cada vez m\u00e1s de la postura dialoguista frente a las acusaciones del presidente Javier Milei. Un cruce que comenz\u00f3 en la \u00faltima sesi\u00f3n en Diputados y tuvo un nuevo round en X &nbsp; &nbsp; El presidente del bloque Encuentro Federal, Miguel \u00c1ngel Pichetto, sali\u00f3 a defenderse, v\u00eda X, de las acusaciones que le hizo el presidente de la Naci\u00f3n, Javier Milei, la semana pasada y asever\u00f3 que \u201clo \u00fanico miserable es la realidad en la que viven muchos argentinos\u201d. El titular&#8230;<\/p>\n","protected":false},"author":3,"featured_media":114828,"comment_status":"closed","ping_status":"closed","sticky":false,"template":"","format":"standard","meta":[],"categories":[18],"tags":[],"_links":{"self":[{"href":"https:\/\/www.actualidadadiario.com\/index.php\/wp-json\/wp\/v2\/posts\/121878"}],"collection":[{"href":"https:\/\/www.actualidadadiario.com\/index.php\/wp-json\/wp\/v2\/posts"}],"about":[{"href":"https:\/\/www.actualidadadiario.com\/index.php\/wp-json\/wp\/v2\/types\/post"}],"author":[{"embeddable":true,"href":"https:\/\/www.actualidadadiario.com\/index.php\/wp-json\/wp\/v2\/users\/3"}],"replies":[{"embeddable":true,"href":"https:\/\/www.actualidadadiario.com\/index.php\/wp-json\/wp\/v2\/comments?post=121878"}],"version-history":[{"count":1,"href":"https:\/\/www.actualidadadiario.com\/index.php\/wp-json\/wp\/v2\/posts\/121878\/revisions"}],"predecessor-version":[{"id":121879,"href":"https:\/\/www.actualidadadiario.com\/index.php\/wp-json\/wp\/v2\/posts\/121878\/revisions\/121879"}],"wp:featuredmedia":[{"embeddable":true,"href":"https:\/\/www.actualidadadiario.com\/index.php\/wp-json\/wp\/v2\/media\/114828"}],"wp:attachment":[{"href":"https:\/\/www.actualidadadiario.com\/index.php\/wp-json\/wp\/v2\/media?parent=121878"}],"wp:term":[{"taxonomy":"category","embeddable":true,"href":"https:\/\/www.actualidadadiario.com\/index.php\/wp-json\/wp\/v2\/categories?post=121878"},{"taxonomy":"post_tag","embeddable":true,"href":"https:\/\/www.actualidadadiario.com\/index.php\/wp-json\/wp\/v2\/tags?post=121878"}],"curies":[{"name":"wp","href":"https:\/\/api.w.org\/{rel}","templated":true}]}}