{"id":121876,"date":"2024-10-22T12:26:08","date_gmt":"2024-10-22T15:26:08","guid":{"rendered":"https:\/\/www.actualidadadiario.com\/?p=121876"},"modified":"2024-10-22T12:26:08","modified_gmt":"2024-10-22T15:26:08","slug":"el-gobierno-evalua-el-proceso-de-privatizacion-para-59-empresas-cuales-son-las-mas-destacadas","status":"publish","type":"post","link":"https:\/\/www.actualidadadiario.com\/index.php\/2024\/10\/22\/el-gobierno-evalua-el-proceso-de-privatizacion-para-59-empresas-cuales-son-las-mas-destacadas\/","title":{"rendered":"El Gobierno eval\u00faa el proceso de privatizaci\u00f3n para 59 empresas: cu\u00e1les son las m\u00e1s destacadas"},"content":{"rendered":"<p style=\"text-align: center;\"><em><strong>Javier Milei ha ordenado acelerar el proceso de privatizaci\u00f3n de las empresas estatales<\/strong><\/em><\/p>\n<p>&nbsp;<\/p>\n<p>&nbsp;<\/p>\n<p>El presidente Javier Milei ha ordenado acelerar el proceso de privatizaci\u00f3n de las empresas estatales, seg\u00fan fuentes cercanas al gobierno en conversaci\u00f3n con \u00c1mbito. En esta primera etapa, se han identificado 59 compa\u00f1\u00edas que est\u00e1n bajo an\u00e1lisis en la Agencia de Transformaci\u00f3n de Empresas P\u00fablicas, dirigida por Diego Mart\u00edn Chaher. Este equipo est\u00e1 compuesto por unos 30 profesionales que ya comenzaron a evaluar cada empresa para definir su futuro.<\/p>\n<p>La pol\u00edtica de privatizaci\u00f3n de Milei busca reducir el control estatal sobre diversas \u00e1reas estrat\u00e9gicas de la econom\u00eda, y seg\u00fan el entorno del presidente, se trata de &#8220;cerrar una fuente de ingresos de los pol\u00edticos corruptos&#8221;. Aunque algunas de estas empresas sean rentables, el gobierno sostiene que, si permanecen bajo control p\u00fablico, volver\u00edan a convertirse en entidades deficitarias debido a la intervenci\u00f3n pol\u00edtica.<\/p>\n<p>El proceso contempla seis posibles destinos para las compa\u00f1\u00edas: privatizaci\u00f3n a trav\u00e9s de una Oferta P\u00fablica Inicial (IPO), concesi\u00f3n, transformaci\u00f3n, cesi\u00f3n a las provincias, cierre o asociaci\u00f3n con socios estrat\u00e9gicos.<\/p>\n<p>En este contexto, las autoridades han planteado tres fases principales para llevar a cabo el plan: definici\u00f3n, preparaci\u00f3n y ejecuci\u00f3n. Se estima que todo el proceso podr\u00eda completarse en aproximadamente 6 a 8 meses.<\/p>\n<p>&nbsp;<\/p>\n<p><strong>Empresas que podr\u00edan pasar al sector privado muy pronto<\/strong><\/p>\n<ul>\n<li>Aerol\u00edneas Argentinas<\/li>\n<li>Intercargo<\/li>\n<li>ARSAT<\/li>\n<li>AySA<\/li>\n<li>ENARSA<\/li>\n<li>Fabricaciones Militares<\/li>\n<li>Banco Naci\u00f3n<\/li>\n<li>Banco Hipotecario<\/li>\n<\/ul>\n<p>Cada una de estas empresas es evaluada caso por caso, considerando aspectos como su viabilidad econ\u00f3mica, oportunidades de negocio y los sectores de inter\u00e9s para potenciales inversores.<\/p>\n<p>Por ejemplo, en el caso de AySA (Aguas y Saneamientos Argentinos), el gobierno busca atraer a un operador fuerte que asuma la gesti\u00f3n de la empresa, con la posibilidad de abrir su capital en la Bolsa. Mientras que ARSAT ya ha anunciado que para 2025 buscar\u00e1 privatizar hasta el 49% de su capital accionario.<\/p>\n<p>La privatizaci\u00f3n de Aerol\u00edneas Argentinas es uno de los temas m\u00e1s delicados dentro de este plan. Aunque el Gobierno considera inviable una privatizaci\u00f3n total en el corto plazo, ya se eval\u00faan \u00e1reas espec\u00edficas que podr\u00edan ser transferidas al sector privado, como los servicios de tierra o parte de la flota. Adem\u00e1s, se han mantenido conversaciones con la provincia de C\u00f3rdoba, que ha mostrado inter\u00e9s en recibir la flota de Embraer (antigua Austral) para crear una aerol\u00ednea provincial.<\/p>\n<p>A pesar de los desaf\u00edos, el Gobierno sostiene que las privatizaciones son un paso crucial para avanzar en la modernizaci\u00f3n y eficiencia del aparato estatal. Seg\u00fan el equipo de Milei, incluso aquellas empresas que actualmente son rentables, como Aerol\u00edneas, corren el riesgo de convertirse en deficitarias si permanecen bajo control p\u00fablico.<\/p>\n<p>Uno de los puntos que destaca el gobierno es la rentabilidad esperada para las empresas que logren privatizarse. Las autoridades afirman que estas compa\u00f1\u00edas tienen un gran potencial de generar ingresos si se gestionan de manera eficiente desde el sector privado. A su vez, la venta de activos y la apertura de capital a inversores estrat\u00e9gicos permitir\u00eda optimizar los recursos y evitar el gasto estatal en subsidios.<\/p>\n","protected":false},"excerpt":{"rendered":"<p>Javier Milei ha ordenado acelerar el proceso de privatizaci\u00f3n de las empresas estatales &nbsp; &nbsp; El presidente Javier Milei ha ordenado acelerar el proceso de privatizaci\u00f3n de las empresas estatales, seg\u00fan fuentes cercanas al gobierno en conversaci\u00f3n con \u00c1mbito. En esta primera etapa, se han identificado 59 compa\u00f1\u00edas que est\u00e1n bajo an\u00e1lisis en la Agencia de Transformaci\u00f3n de Empresas P\u00fablicas, dirigida por Diego Mart\u00edn Chaher. Este equipo est\u00e1 compuesto por unos 30 profesionales que ya comenzaron a evaluar cada empresa para definir su futuro. La pol\u00edtica de privatizaci\u00f3n de Milei&#8230;<\/p>\n","protected":false},"author":3,"featured_media":120510,"comment_status":"closed","ping_status":"closed","sticky":false,"template":"","format":"standard","meta":[],"categories":[18],"tags":[],"_links":{"self":[{"href":"https:\/\/www.actualidadadiario.com\/index.php\/wp-json\/wp\/v2\/posts\/121876"}],"collection":[{"href":"https:\/\/www.actualidadadiario.com\/index.php\/wp-json\/wp\/v2\/posts"}],"about":[{"href":"https:\/\/www.actualidadadiario.com\/index.php\/wp-json\/wp\/v2\/types\/post"}],"author":[{"embeddable":true,"href":"https:\/\/www.actualidadadiario.com\/index.php\/wp-json\/wp\/v2\/users\/3"}],"replies":[{"embeddable":true,"href":"https:\/\/www.actualidadadiario.com\/index.php\/wp-json\/wp\/v2\/comments?post=121876"}],"version-history":[{"count":1,"href":"https:\/\/www.actualidadadiario.com\/index.php\/wp-json\/wp\/v2\/posts\/121876\/revisions"}],"predecessor-version":[{"id":121877,"href":"https:\/\/www.actualidadadiario.com\/index.php\/wp-json\/wp\/v2\/posts\/121876\/revisions\/121877"}],"wp:featuredmedia":[{"embeddable":true,"href":"https:\/\/www.actualidadadiario.com\/index.php\/wp-json\/wp\/v2\/media\/120510"}],"wp:attachment":[{"href":"https:\/\/www.actualidadadiario.com\/index.php\/wp-json\/wp\/v2\/media?parent=121876"}],"wp:term":[{"taxonomy":"category","embeddable":true,"href":"https:\/\/www.actualidadadiario.com\/index.php\/wp-json\/wp\/v2\/categories?post=121876"},{"taxonomy":"post_tag","embeddable":true,"href":"https:\/\/www.actualidadadiario.com\/index.php\/wp-json\/wp\/v2\/tags?post=121876"}],"curies":[{"name":"wp","href":"https:\/\/api.w.org\/{rel}","templated":true}]}}