{"id":121869,"date":"2024-10-22T11:51:40","date_gmt":"2024-10-22T14:51:40","guid":{"rendered":"https:\/\/www.actualidadadiario.com\/?p=121869"},"modified":"2024-10-22T11:51:40","modified_gmt":"2024-10-22T14:51:40","slug":"segundo-dia-de-paro-en-las-universidades-nacionales-con-acatamiento-casi-total","status":"publish","type":"post","link":"https:\/\/www.actualidadadiario.com\/index.php\/2024\/10\/22\/segundo-dia-de-paro-en-las-universidades-nacionales-con-acatamiento-casi-total\/","title":{"rendered":"Segundo d\u00eda de paro en las universidades nacionales con acatamiento casi total"},"content":{"rendered":"<p style=\"text-align: center;\"><em><strong>El paro, en reclamo de &#8220;salarios dignos&#8221; en las universidades, comenz\u00f3 ayer y se extiende a este martes<\/strong><\/em><\/p>\n<p>&nbsp;<\/p>\n<p>&nbsp;<\/p>\n<p>Se desarrolla hoy el segundo d\u00eda de paro en las universidades nacionales, convocado por la Federaci\u00f3n de Docentes de las Universidades (FEDUN) y la Federaci\u00f3n Argentina del Trabajador de las Universidades Nacionales (FATUN).<\/p>\n<p>El acatamiento a la medida de fuerza es \u201ccasi total\u201d, se\u00f1alaron desde FEDUN.<\/p>\n<p>\u201cSeguimos luchando en defensa de la educaci\u00f3n p\u00fablica. Sin salarios dignos no hay universidad de calidad\u201d, reza el mensaje difundido.<\/p>\n<p>Esta medida de fuerza se suma al cese de actividades del 17 de octubre y las jornadas de visibilizaci\u00f3n que incluye clases abiertas frente al Congreso.<\/p>\n<p>\u201cA partir del 23 de octubre, se realizar\u00e1n clases p\u00fablicas todos los mi\u00e9rcoles a las 12.00 hs frente al Congreso de la Naci\u00f3n\u201d, precisaron desde el Frente Sindical.<\/p>\n<p>Es para reclamar el apoyo al presupuesto universitario propuesto por el CIN y exigiendo una partida presupuestaria de 2 billones de pesos para recomponer salarios docentes y nodocentes en las paritarias.<\/p>\n<p>Esto es porque el Gobierno, de acuerdo al Presupuesto 2025, otorgar\u00e1 la mitad del dinero solicitado por las universidades para garantizar el funcionamiento y la recomposici\u00f3n salarial.<\/p>\n","protected":false},"excerpt":{"rendered":"<p>El paro, en reclamo de &#8220;salarios dignos&#8221; en las universidades, comenz\u00f3 ayer y se extiende a este martes &nbsp; &nbsp; Se desarrolla hoy el segundo d\u00eda de paro en las universidades nacionales, convocado por la Federaci\u00f3n de Docentes de las Universidades (FEDUN) y la Federaci\u00f3n Argentina del Trabajador de las Universidades Nacionales (FATUN). El acatamiento a la medida de fuerza es \u201ccasi total\u201d, se\u00f1alaron desde FEDUN. \u201cSeguimos luchando en defensa de la educaci\u00f3n p\u00fablica. Sin salarios dignos no hay universidad de calidad\u201d, reza el mensaje difundido. Esta medida de fuerza&#8230;<\/p>\n","protected":false},"author":3,"featured_media":121608,"comment_status":"closed","ping_status":"closed","sticky":false,"template":"","format":"standard","meta":[],"categories":[2],"tags":[],"_links":{"self":[{"href":"https:\/\/www.actualidadadiario.com\/index.php\/wp-json\/wp\/v2\/posts\/121869"}],"collection":[{"href":"https:\/\/www.actualidadadiario.com\/index.php\/wp-json\/wp\/v2\/posts"}],"about":[{"href":"https:\/\/www.actualidadadiario.com\/index.php\/wp-json\/wp\/v2\/types\/post"}],"author":[{"embeddable":true,"href":"https:\/\/www.actualidadadiario.com\/index.php\/wp-json\/wp\/v2\/users\/3"}],"replies":[{"embeddable":true,"href":"https:\/\/www.actualidadadiario.com\/index.php\/wp-json\/wp\/v2\/comments?post=121869"}],"version-history":[{"count":1,"href":"https:\/\/www.actualidadadiario.com\/index.php\/wp-json\/wp\/v2\/posts\/121869\/revisions"}],"predecessor-version":[{"id":121870,"href":"https:\/\/www.actualidadadiario.com\/index.php\/wp-json\/wp\/v2\/posts\/121869\/revisions\/121870"}],"wp:featuredmedia":[{"embeddable":true,"href":"https:\/\/www.actualidadadiario.com\/index.php\/wp-json\/wp\/v2\/media\/121608"}],"wp:attachment":[{"href":"https:\/\/www.actualidadadiario.com\/index.php\/wp-json\/wp\/v2\/media?parent=121869"}],"wp:term":[{"taxonomy":"category","embeddable":true,"href":"https:\/\/www.actualidadadiario.com\/index.php\/wp-json\/wp\/v2\/categories?post=121869"},{"taxonomy":"post_tag","embeddable":true,"href":"https:\/\/www.actualidadadiario.com\/index.php\/wp-json\/wp\/v2\/tags?post=121869"}],"curies":[{"name":"wp","href":"https:\/\/api.w.org\/{rel}","templated":true}]}}