{"id":121865,"date":"2024-10-22T11:50:20","date_gmt":"2024-10-22T14:50:20","guid":{"rendered":"https:\/\/www.actualidadadiario.com\/?p=121865"},"modified":"2024-10-22T11:50:20","modified_gmt":"2024-10-22T14:50:20","slug":"suben-los-casos-de-malnutricion-en-bebes-y-ninos-y-los-nacimientos-con-bajo-peso-en-rosario","status":"publish","type":"post","link":"https:\/\/www.actualidadadiario.com\/index.php\/2024\/10\/22\/suben-los-casos-de-malnutricion-en-bebes-y-ninos-y-los-nacimientos-con-bajo-peso-en-rosario\/","title":{"rendered":"Suben los casos de malnutrici\u00f3n en beb\u00e9s y ni\u00f1os y los nacimientos con \u201cbajo peso\u201d en Rosario"},"content":{"rendered":"<p style=\"text-align: center;\"><em><strong>El reciente anuario de Poblaci\u00f3n y Estad\u00edsticas Vitales 2023 de Rosario que elabora el propio municipio de Rosario indic\u00f3 un alto crecimiento porcentual en nacimientos de peso bajo, muy baja o extremadamente bajo<\/strong><\/em><\/p>\n<p>&nbsp;<\/p>\n<p>&nbsp;<\/p>\n<p>Unos 263 nacimientos se registraron con muy bajo peso, el n\u00famero m\u00e1s alto de los \u00faltimos 14 a\u00f1os. Cabe destacar que el pasado a\u00f1o fue la temporada con menos nacimientos en la ciudad desde 2010 con 17.215 nuevos rosarinos. Si bien los n\u00fameros, en porcentajes, no remiten inconvenientes en el sistema de la salud, los profesionales se mantienen alerta ante el crecimiento de malos h\u00e1bitos alimenticios.<\/p>\n<p>En di\u00e1logo con La Capital, la pediatra Mariana Lanzotti (Mat. 11479) entendi\u00f3 a la malnutrici\u00f3n pedi\u00e1trica como una deuda \u201cmultifactorial\u201d y frente a este panorama destac\u00f3 pol\u00edticas p\u00fablicas en torno a la gestaci\u00f3n. \u201cEl cuidado de la alimentaci\u00f3n del lactante comienza desde la concepci\u00f3n y se extiende hasta los dos primeros a\u00f1os\u201d, asegur\u00f3 la profesional.<\/p>\n<p>Una correcta alimentaci\u00f3n en este periodo es una ventana de oportunidades para los h\u00e1bitos alimenticios de los menores y como consecuencia se reducen las posibilidades de contraer dislipidemia, hipertensi\u00f3n arterial, enfermedades vasculares cerebrales y card\u00edacas y diabetes tipo 2 en la adultez, entre otras. \u201cUna malnutrici\u00f3n oculta, es decir, falta de hierro, podr\u00eda ser una anemia en un ni\u00f1o\u201d, sentenci\u00f3 la pediatra. Ante este panorama, las suplementaciones del mineral esencial para producir hemoglobina, y el agregado de vitamina D, cada vez son m\u00e1s comunes entre las indicaciones en los consultorios. \u201cUna buena base, es el futuro del chico\u201d, agreg\u00f3.<\/p>\n<p>&nbsp;<\/p>\n<p><strong>Los ni\u00f1os sufren la crisis<\/strong><\/p>\n<p>Seg\u00fan datos del Indec, en el primer semestre de 2024, el 66,1% de los menores de 14 a\u00f1os est\u00e1n por debajo de la l\u00ednea de pobreza. Lanzotti manifest\u00f3 lo imperioso de encontrarse con pol\u00edticas p\u00fablicas, locales, regionales o nacionales, que potencien una buena alimentaci\u00f3n.<\/p>\n<p>\u201cHoy se engloba todo en una malnutrici\u00f3n, que incluye el sobrepeso y la obesidad, la gran pandemia a nivel mundial\u201d, sentenci\u00f3 la profesional. Otras afecciones de una malnutrici\u00f3n pueden ser la emaciaci\u00f3n (p\u00e9rdida involuntaria de m\u00e1s del 10% del peso corporal), la falta de micronutrientes como zinc y algunas vitaminas, todas prevenibles con un adecuado control durante el embarazo.<\/p>\n<p>&nbsp;<\/p>\n<p><strong>Cambio de problem\u00e1tica<\/strong><\/p>\n<p>La real preocupaci\u00f3n del \u00e1mbito pedi\u00e1trico est\u00e1 relacionada en el sobrepeso y la obesidad en ni\u00f1os, relegando a los problemas por poco peso. El inicio del Siglo XXI fue un antes y un despu\u00e9s para la alimentaci\u00f3n de los menores. Los nacimientos por encima del peso normal y las consecuencias en los primeros a\u00f1os de vida alertaron a los especialistas.<\/p>\n<p>El Instituto de Investigaci\u00f3n Social, Econ\u00f3mica y Pol\u00edtica (Isepci) realiza a\u00f1o tras a\u00f1o evaluaciones sobre talla y peso en menores de edad a nivel nacional. Seg\u00fan los datos de 2023, el 27,7% de los ni\u00f1os entre 2 y 6 a\u00f1os tienen sobrepeso u obesidad, mientras que de 0 a 2 a\u00f1os es del 22,1%. Coincidiendo con el an\u00e1lisis de Lanziotti, el 5,6% de los ni\u00f1os del primer grupo sufre bajo peso o riesgo de bajo peso, en tanto, el 9,4% tiene bajo peso o riesgo de bajo peso en el segundo grupo. A mediados de octubre, Isepci comenz\u00f3 con el relevamiento 2024.<\/p>\n<p>La abundancia de alimentos multiprocesados atenta contra la salud de los m\u00e1s chicos: \u201cEn los detalles, los merenderos comunitarios son a base de hidrato de carbono, con poca fruta. En los comedores ves poca verdura porque lo barato es la polenta y el fideo. Adem\u00e1s, los peque\u00f1os rechazan comer verde y buscan todo blanco, se le suman el exceso de gaseosa, jugos artificiales y snacks\u201d, manifest\u00f3 con preocupaci\u00f3n Lanzotti, para r\u00e1pidamente arremeter: \u201cUn cumplea\u00f1os infantil es una bomba de sodio y ultraprocesados\u201d.<\/p>\n<p>Sobre este punto hizo especial hincapi\u00e9 al hablar de la conformaci\u00f3n de la familia. El rol de los abuelos fue mutando con el paso del tiempo y las \u201cpastas de la nona\u201d se perdieron en el imaginario colectivo. \u201cHoy hay una tendencia a comprar comida, muchas veces lleva a tener carencias nutricionales\u201d, asegur\u00f3.<\/p>\n<p>Los tiempos de la vida cotidiana muchas veces atentan contra el objetivo de una alimentaci\u00f3n saludable. El papel en el hogar de padres y madres se corrieron de la rigidez. Los hombres cocinan m\u00e1s y las pediatras redactan una receta tras otras. \u00bfEl fin? Generar h\u00e1bitos saludables para combatir la malnutrici\u00f3n.<\/p>\n<p>El di\u00e1logo del profesional con la familia es un punto neur\u00e1lgico en este sentido y ofrecer detalles de c\u00f3mo cocinar para llevar alimentos saludables es \u201ceducar sin importar el estrato social\u201d.<\/p>\n<p>Seg\u00fan la pediatra, \u201clos sectores con niveles socioecon\u00f3micos medios altos tienen una tendencia a revertir\u201d los malos h\u00e1bitos, en el camino quedan cuando el poder adquisitivo es m\u00e1s bajo \u201cpor una cuesti\u00f3n de costo\u201d. Aunque en muchos casos una fruta pueda tener un precio similar a la de un alfajor, \u201cpara el chico es el dulce m\u00e1s agradable\u201d.<\/p>\n","protected":false},"excerpt":{"rendered":"<p>El reciente anuario de Poblaci\u00f3n y Estad\u00edsticas Vitales 2023 de Rosario que elabora el propio municipio de Rosario indic\u00f3 un alto crecimiento porcentual en nacimientos de peso bajo, muy baja o extremadamente bajo &nbsp; &nbsp; Unos 263 nacimientos se registraron con muy bajo peso, el n\u00famero m\u00e1s alto de los \u00faltimos 14 a\u00f1os. Cabe destacar que el pasado a\u00f1o fue la temporada con menos nacimientos en la ciudad desde 2010 con 17.215 nuevos rosarinos. Si bien los n\u00fameros, en porcentajes, no remiten inconvenientes en el sistema de la salud, los&#8230;<\/p>\n","protected":false},"author":3,"featured_media":117326,"comment_status":"closed","ping_status":"closed","sticky":false,"template":"","format":"standard","meta":[],"categories":[2],"tags":[],"_links":{"self":[{"href":"https:\/\/www.actualidadadiario.com\/index.php\/wp-json\/wp\/v2\/posts\/121865"}],"collection":[{"href":"https:\/\/www.actualidadadiario.com\/index.php\/wp-json\/wp\/v2\/posts"}],"about":[{"href":"https:\/\/www.actualidadadiario.com\/index.php\/wp-json\/wp\/v2\/types\/post"}],"author":[{"embeddable":true,"href":"https:\/\/www.actualidadadiario.com\/index.php\/wp-json\/wp\/v2\/users\/3"}],"replies":[{"embeddable":true,"href":"https:\/\/www.actualidadadiario.com\/index.php\/wp-json\/wp\/v2\/comments?post=121865"}],"version-history":[{"count":1,"href":"https:\/\/www.actualidadadiario.com\/index.php\/wp-json\/wp\/v2\/posts\/121865\/revisions"}],"predecessor-version":[{"id":121866,"href":"https:\/\/www.actualidadadiario.com\/index.php\/wp-json\/wp\/v2\/posts\/121865\/revisions\/121866"}],"wp:featuredmedia":[{"embeddable":true,"href":"https:\/\/www.actualidadadiario.com\/index.php\/wp-json\/wp\/v2\/media\/117326"}],"wp:attachment":[{"href":"https:\/\/www.actualidadadiario.com\/index.php\/wp-json\/wp\/v2\/media?parent=121865"}],"wp:term":[{"taxonomy":"category","embeddable":true,"href":"https:\/\/www.actualidadadiario.com\/index.php\/wp-json\/wp\/v2\/categories?post=121865"},{"taxonomy":"post_tag","embeddable":true,"href":"https:\/\/www.actualidadadiario.com\/index.php\/wp-json\/wp\/v2\/tags?post=121865"}],"curies":[{"name":"wp","href":"https:\/\/api.w.org\/{rel}","templated":true}]}}