{"id":121860,"date":"2024-10-22T11:47:40","date_gmt":"2024-10-22T14:47:40","guid":{"rendered":"https:\/\/www.actualidadadiario.com\/?p=121860"},"modified":"2024-10-22T11:47:40","modified_gmt":"2024-10-22T14:47:40","slug":"alerta-dengue-ya-circula-en-el-centro-del-pais-y-preocupa-una-nueva-cepa","status":"publish","type":"post","link":"https:\/\/www.actualidadadiario.com\/index.php\/2024\/10\/22\/alerta-dengue-ya-circula-en-el-centro-del-pais-y-preocupa-una-nueva-cepa\/","title":{"rendered":"Alerta dengue: ya circula en el centro del pa\u00eds y preocupa una nueva cepa"},"content":{"rendered":"<p style=\"text-align: center;\"><em><strong>Confirmaron la existencia de dengue aut\u00f3ctono en la regi\u00f3n centro del pa\u00eds. Preocupa la detecci\u00f3n de la cepa DEN-4 que no hab\u00eda sido registrada en la epidemia r\u00e9cord de 2023-24<\/strong><\/em><\/p>\n<p>&nbsp;<\/p>\n<p>&nbsp;<\/p>\n<p>El Ministerio de Salud de la Naci\u00f3n confirm\u00f3 la existencia de dengue aut\u00f3ctono en la regi\u00f3n centro del pa\u00eds, al tiempo que genera preocupaci\u00f3n la detecci\u00f3n de una cepa que no hab\u00eda sido registrada en la epidemia r\u00e9cord de 2023-24.<\/p>\n<p>La provincia de C\u00f3rdoba report\u00f3 la circulaci\u00f3n local de dengue seg\u00fan el \u00faltimo Bolet\u00edn Epidemiol\u00f3gico Nacional (BEN). Se confirmaron dos casos en mujeres j\u00f3venes, cuyos diagn\u00f3sticos fueron realizados el 15 de octubre. Adem\u00e1s, se suma un tercer caso importado del serotipo DEN-4 en la misma provincia.<\/p>\n<p>&nbsp;<\/p>\n<p><strong>La nueva cepa \u201cimportada\u201d<\/strong><\/p>\n<p>La aparici\u00f3n de este serotipo es notable, ya que no se hab\u00eda registrado desde hace dos a\u00f1os; hizo su debut en 2019 y desapareci\u00f3 en 2022. Este caso corresponde a un turista que regres\u00f3 de Cuba, donde actualmente se est\u00e1 registrando un importante brote de dengue. Otro caso de un turista que visit\u00f3 el mismo pa\u00eds se detect\u00f3 en Entre R\u00edos, seg\u00fan publica el diario Clar\u00edn.<\/p>\n<p>Cabe recordar que la temporada pasada hubo una predominancia de los serotipos DEN-1 y DEN-2, con una presencia muy reducida de DEN-3.<\/p>\n<p>El hecho de que ya se hayan detectado casos aut\u00f3ctonos de dengue en esta \u00e9poca del a\u00f1o en la regi\u00f3n centro, que incluye CABA, Buenos Aires, C\u00f3rdoba, Santa Fe y Entre R\u00edos, indica que hay circulaci\u00f3n del virus transmitido por el mosquito Aedes aegypti, un mes antes de lo que ocurri\u00f3 durante la epidemia sin precedentes del a\u00f1o pasado.<\/p>\n<p>&nbsp;<\/p>\n<p><strong>Mucho antes que el a\u00f1o pasado y las perspectivas<\/strong><\/p>\n<p>En 2023, los primeros casos aut\u00f3ctonos de dengue se registraron en las provincias de Buenos Aires (1) y Santa Fe (1) en la semana 46, mientras que el \u00faltimo informe que ahora destaca la presencia de dengue aut\u00f3ctono en C\u00f3rdoba corresponde a la semana 41. En esta provincia, el primer indicio de circulaci\u00f3n viral se hab\u00eda detectado en la semana 52 de 2023, es decir, 11 semanas m\u00e1s tarde que en la actualidad.<\/p>\n<p>En lo que respecta al futuro del dengue en los pr\u00f3ximos meses, gran parte depender\u00e1 de las condiciones que encuentre el mosquito para reproducirse.<\/p>\n<p>Seg\u00fan el pron\u00f3stico clim\u00e1tico, se anticipa un verano que, aunque ser\u00e1 m\u00e1s c\u00e1lido, tendr\u00e1 menos lluvias en comparaci\u00f3n con el anterior.<\/p>\n<p>Esto podr\u00eda crear un entorno menos favorable para que los huevos de Aedes aegypti, que han logrado sobrevivir debido a la falta de un adecuado descacharrado preventivo, cuenten con la humedad necesaria para su desarrollo.<\/p>\n<p>&nbsp;<\/p>\n<p><strong>Los &#8220;nuevos serotipos&#8221; que preocupan<\/strong><\/p>\n<p>En cuanto al serotipo DEN-4, por el momento ha sido un caso aislado tra\u00eddo del exterior, aunque eso se combina con un aditamento extra no menor: se ha dado en la \u00fanica provincia de la regi\u00f3n centro -C\u00f3rdoba- en la que efectivamente ya existe transmisi\u00f3n viral.<\/p>\n<p>La eventualidad de que pueda llegar a circular el DEN-4 en el pa\u00eds en la presente temporada (o incluso el hasta ahora marginal DEN-3) le agregar\u00eda al escenario sanitario una cuota de incertidumbre, dado que restan conocerse datos de eficacia de la vacuna Qdenga contra esos dos serotipos, seg\u00fan hab\u00eda concluido la Comisi\u00f3n Nacional de Inmunizaciones (CoNaIn) cuando recomend\u00f3 utilizar el inmunizante en zonas de alta circulaci\u00f3n viral y con poblaciones espec\u00edficas.<\/p>\n<p>El laboratorio Takeda hab\u00eda explicado a fines de marzo al diario Clar\u00edn: \u201cSe est\u00e1 iniciando un estudio para complementar datos de eficacia para DEN-3 y DEN-4, ambos de menor circulaci\u00f3n. El estudio se realizar\u00e1 en Asia, donde estos serotipos se pueden encontrar con mayor prevalencia que en Latinoam\u00e9rica\u201d. Posteriormente no se ha comunicado si hubo avances.<\/p>\n","protected":false},"excerpt":{"rendered":"<p>Confirmaron la existencia de dengue aut\u00f3ctono en la regi\u00f3n centro del pa\u00eds. Preocupa la detecci\u00f3n de la cepa DEN-4 que no hab\u00eda sido registrada en la epidemia r\u00e9cord de 2023-24 &nbsp; &nbsp; El Ministerio de Salud de la Naci\u00f3n confirm\u00f3 la existencia de dengue aut\u00f3ctono en la regi\u00f3n centro del pa\u00eds, al tiempo que genera preocupaci\u00f3n la detecci\u00f3n de una cepa que no hab\u00eda sido registrada en la epidemia r\u00e9cord de 2023-24. La provincia de C\u00f3rdoba report\u00f3 la circulaci\u00f3n local de dengue seg\u00fan el \u00faltimo Bolet\u00edn Epidemiol\u00f3gico Nacional (BEN). Se&#8230;<\/p>\n","protected":false},"author":3,"featured_media":121792,"comment_status":"closed","ping_status":"closed","sticky":false,"template":"","format":"standard","meta":[],"categories":[2],"tags":[],"_links":{"self":[{"href":"https:\/\/www.actualidadadiario.com\/index.php\/wp-json\/wp\/v2\/posts\/121860"}],"collection":[{"href":"https:\/\/www.actualidadadiario.com\/index.php\/wp-json\/wp\/v2\/posts"}],"about":[{"href":"https:\/\/www.actualidadadiario.com\/index.php\/wp-json\/wp\/v2\/types\/post"}],"author":[{"embeddable":true,"href":"https:\/\/www.actualidadadiario.com\/index.php\/wp-json\/wp\/v2\/users\/3"}],"replies":[{"embeddable":true,"href":"https:\/\/www.actualidadadiario.com\/index.php\/wp-json\/wp\/v2\/comments?post=121860"}],"version-history":[{"count":1,"href":"https:\/\/www.actualidadadiario.com\/index.php\/wp-json\/wp\/v2\/posts\/121860\/revisions"}],"predecessor-version":[{"id":121861,"href":"https:\/\/www.actualidadadiario.com\/index.php\/wp-json\/wp\/v2\/posts\/121860\/revisions\/121861"}],"wp:featuredmedia":[{"embeddable":true,"href":"https:\/\/www.actualidadadiario.com\/index.php\/wp-json\/wp\/v2\/media\/121792"}],"wp:attachment":[{"href":"https:\/\/www.actualidadadiario.com\/index.php\/wp-json\/wp\/v2\/media?parent=121860"}],"wp:term":[{"taxonomy":"category","embeddable":true,"href":"https:\/\/www.actualidadadiario.com\/index.php\/wp-json\/wp\/v2\/categories?post=121860"},{"taxonomy":"post_tag","embeddable":true,"href":"https:\/\/www.actualidadadiario.com\/index.php\/wp-json\/wp\/v2\/tags?post=121860"}],"curies":[{"name":"wp","href":"https:\/\/api.w.org\/{rel}","templated":true}]}}