{"id":121858,"date":"2024-10-22T11:46:45","date_gmt":"2024-10-22T14:46:45","guid":{"rendered":"https:\/\/www.actualidadadiario.com\/?p=121858"},"modified":"2024-10-22T11:46:45","modified_gmt":"2024-10-22T14:46:45","slug":"alquileres-advierten-por-una-creciente-suspension-de-pagos-y-el-inicio-de-una-crisis-habitacional","status":"publish","type":"post","link":"https:\/\/www.actualidadadiario.com\/index.php\/2024\/10\/22\/alquileres-advierten-por-una-creciente-suspension-de-pagos-y-el-inicio-de-una-crisis-habitacional\/","title":{"rendered":"Alquileres: advierten por una creciente suspensi\u00f3n de pagos y el inicio de una crisis habitacional"},"content":{"rendered":"<p style=\"text-align: center;\"><em><strong>La Federaci\u00f3n de Inquilinos Nacional asegur\u00f3 que el peso de los alquileres sobre los ingresos es el m\u00e1s alto de la historia. En ese marco, acusaron al Gobierno de &#8220;nacionalizar el saqueo&#8221;<\/strong><\/em><\/p>\n<p>&nbsp;<\/p>\n<p>&nbsp;<\/p>\n<p>Agrupaciones de inquilinos advirtieron sobre un crecimiento en las suspensiones de pagos de los alquileres y en los desalojos judiciales debido a que el impacto en el bolsillo es el m\u00e1s alto de la historia. En ese sentido, alertaron que esta situaci\u00f3n puede ser el inicio de una profunda crisis habitacional y social.<\/p>\n<p>A trav\u00e9s de un comunicado publicado este lunes, las 16 organizaciones de la Federaci\u00f3n de Inquilinos Nacional expresaron su preocupaci\u00f3n por la falta de pol\u00edticas estatales que permitan garantizar plenamente el pago de la renta por el alquiler de una vivienda.<\/p>\n<p>&#8220;La libertad de contrataci\u00f3n es en realidad una libertad de negocios que nos encadena a destinar la mitad &#8211; o m\u00e1s &#8211; de nuestros ingresos del hogar s\u00f3lo al pago del alquiler. Trabajamos la mitad del mes para el rentista&#8221;, reclamaron.<\/p>\n<p>Seg\u00fan lo plasmado en el comunicado, &#8220;la Argentina triplic\u00f3 la cantidad de familias inquilinas en las \u00faltimas tres d\u00e9cadas mientras el impacto del alquiler en el bolsillo del trabajador\/a que alquila, es el m\u00e1s alto de la historia&#8221;.<\/p>\n<p>En ese marco, profundizaron las entidades, &#8220;much\u00edsimas familias, parejas o personas solas, que ya no pueden afrontar aumentos trimestrales atados a la inflaci\u00f3n, buscan desesperadamente una habitaci\u00f3n en vivienda particular compartida, los j\u00f3venes que tienen donde volver lo hacen a casa de los padres o familiares, y otros simplemente quedan en la calle invisibilizados&#8221;.<\/p>\n<p>Vale recordar que desde el 1\u00b0 de enero de 2024 qued\u00f3 derogada la ley de alquileres que implicaba contratos de tres a\u00f1os, actualizados de manera anual mediante el ICL (un \u00edndice que combina la evoluci\u00f3n de la inflaci\u00f3n con la de los salarios). A partir de all\u00ed, seg\u00fan los inquilinos, &#8220;los contratos de alquiler de vivienda quedaron sujetos al inter\u00e9s y la voluntad de las inmobiliarias y los rentistas por el Decreto 70\/2023&#8221;.<\/p>\n<p>&#8220;Las consecuencias del DNU 70 del Gobierno de Javier Milei, es un retroceso de 100 a\u00f1os, cuando las familias trabajadoras viv\u00edan hacinadas y no pod\u00edan ejercer ning\u00fan derecho, solo entregar su fuerza de trabajo y pagar el alquiler. En nombre del perverso y c\u00ednico &#8216;acuerdo entre partes&#8217;, de Ushuaia a La Quiaca tres millones de hogares inquilinos est\u00e1n sufriendo la mayor extracci\u00f3n de ingresos que se recuerde y cuyas consecuencias son dram\u00e1ticas. El Gobierno ha nacionalizado el saqueo sin ley ni protecci\u00f3n alguna&#8221;, recalcaron desde la Federaci\u00f3n.<\/p>\n<p>&#8220;No hay una sola organizaci\u00f3n comunitaria que desconozca lo que ocurre, porque inquilinas e inquilinos somos la mayor\u00eda de los que trabajan y los que estudian. El futuro inmediato es obvio: empieza a proliferar la suspensi\u00f3n de pago, crece el desalojo judicial. Nos adentramos en una crisis habitacional que desembocar\u00e1 inevitablemente en una crisis social&#8221;, concluyeron.<\/p>\n","protected":false},"excerpt":{"rendered":"<p>La Federaci\u00f3n de Inquilinos Nacional asegur\u00f3 que el peso de los alquileres sobre los ingresos es el m\u00e1s alto de la historia. En ese marco, acusaron al Gobierno de &#8220;nacionalizar el saqueo&#8221; &nbsp; &nbsp; Agrupaciones de inquilinos advirtieron sobre un crecimiento en las suspensiones de pagos de los alquileres y en los desalojos judiciales debido a que el impacto en el bolsillo es el m\u00e1s alto de la historia. En ese sentido, alertaron que esta situaci\u00f3n puede ser el inicio de una profunda crisis habitacional y social. A trav\u00e9s de&#8230;<\/p>\n","protected":false},"author":3,"featured_media":116751,"comment_status":"closed","ping_status":"closed","sticky":false,"template":"","format":"standard","meta":[],"categories":[2],"tags":[],"_links":{"self":[{"href":"https:\/\/www.actualidadadiario.com\/index.php\/wp-json\/wp\/v2\/posts\/121858"}],"collection":[{"href":"https:\/\/www.actualidadadiario.com\/index.php\/wp-json\/wp\/v2\/posts"}],"about":[{"href":"https:\/\/www.actualidadadiario.com\/index.php\/wp-json\/wp\/v2\/types\/post"}],"author":[{"embeddable":true,"href":"https:\/\/www.actualidadadiario.com\/index.php\/wp-json\/wp\/v2\/users\/3"}],"replies":[{"embeddable":true,"href":"https:\/\/www.actualidadadiario.com\/index.php\/wp-json\/wp\/v2\/comments?post=121858"}],"version-history":[{"count":1,"href":"https:\/\/www.actualidadadiario.com\/index.php\/wp-json\/wp\/v2\/posts\/121858\/revisions"}],"predecessor-version":[{"id":121859,"href":"https:\/\/www.actualidadadiario.com\/index.php\/wp-json\/wp\/v2\/posts\/121858\/revisions\/121859"}],"wp:featuredmedia":[{"embeddable":true,"href":"https:\/\/www.actualidadadiario.com\/index.php\/wp-json\/wp\/v2\/media\/116751"}],"wp:attachment":[{"href":"https:\/\/www.actualidadadiario.com\/index.php\/wp-json\/wp\/v2\/media?parent=121858"}],"wp:term":[{"taxonomy":"category","embeddable":true,"href":"https:\/\/www.actualidadadiario.com\/index.php\/wp-json\/wp\/v2\/categories?post=121858"},{"taxonomy":"post_tag","embeddable":true,"href":"https:\/\/www.actualidadadiario.com\/index.php\/wp-json\/wp\/v2\/tags?post=121858"}],"curies":[{"name":"wp","href":"https:\/\/api.w.org\/{rel}","templated":true}]}}