{"id":12185,"date":"2017-05-29T10:36:33","date_gmt":"2017-05-29T13:36:33","guid":{"rendered":"http:\/\/actualidadadiario.com\/site\/?p=12185"},"modified":"2017-05-29T10:36:33","modified_gmt":"2017-05-29T13:36:33","slug":"ex-presidente-correa-salio-del-hospital-tras-cuatro-dias-de-tratamiento","status":"publish","type":"post","link":"https:\/\/www.actualidadadiario.com\/index.php\/2017\/05\/29\/ex-presidente-correa-salio-del-hospital-tras-cuatro-dias-de-tratamiento\/","title":{"rendered":"Ex presidente Correa sali\u00f3 del hospital tras cuatro d\u00edas de tratamiento"},"content":{"rendered":"<p><em><strong>Tras 4 d\u00edas de hospitalizaci\u00f3n, el ex presidente Rafael Correa fue dado de alta el mediod\u00eda del s\u00e1bado 27 de mayo, por los m\u00e9dicos del hospital Carlos Andrade Mar\u00edn, en Quito. All\u00ed lo atendieron desde el 24 de mayo pasado, tras la ceremonia de cambio de mando, por una neumon\u00eda<\/strong><\/em><\/p>\n<p>&nbsp;<\/p>\n<p>&nbsp;<\/p>\n<p>&nbsp;<\/p>\n<p>&nbsp;<\/p>\n<p>La enfermedad, al parecer, lo aquej\u00f3 desde el s\u00e1bado 20 de mayo, indic\u00f3 el exmandatario en su cuenta Twitter. \u201cMe sent\u00eda muy mal: dolor de cabeza, presi\u00f3n alta, escalofr\u00edos, cansancio extremo. El domingo pas\u00e9 todo el d\u00eda con unos escalofr\u00edos terribles. Un d\u00eda me pusieron hasta suero, por la deshidrataci\u00f3n; pero, el 24, ya no pod\u00eda m\u00e1s\u201d.<\/p>\n<p>&nbsp;<\/p>\n<p>Correa anot\u00f3 que antes de ir a la Asamblea Nacional para la ceremonia en la que asumir\u00eda el presidente Len\u00edn Moreno, tuvieron que suministrarle ox\u00edgeno despu\u00e9s de entregar una ofrenda floral en la tumba del General Antonio Jos\u00e9 de Sucre, protagonista de la Batalla de Pichincha de 1822. \u201cAs\u00ed que, de la Asamblea, vine directamente al hospital, y aqu\u00ed estoy&#8230; \u00a1con neumon\u00eda!\u201d, escribi\u00f3.<\/p>\n<p>&nbsp;<\/p>\n<p>Seg\u00fan comunicados oficiales, los s\u00edntomas no fueron graves, pero los galenos decidieron internarlo hasta que se recupere por completo.<\/p>\n<p>&nbsp;<\/p>\n<p>Antes de salir de la casa de salud, la ma\u00f1ana de hoy escribi\u00f3: \u201cTodav\u00eda en el hospital. Para la \u2018prensa libre\u2019 y los opositores, s\u00e1bado sin enlace, sufriendo en la espera de verme llegar\u201d.<\/p>\n<p>&nbsp;<\/p>\n<p>Asimismo, salud\u00f3 a las decenas de personas que llegaron hasta el centro m\u00e9dico para mostrarle su preocupaci\u00f3n: \u201cLes agradezco su solidaridad. No se preocupen, estoy bien. Vayan a casa, por favor\u201d.<\/p>\n","protected":false},"excerpt":{"rendered":"<p>Tras 4 d\u00edas de hospitalizaci\u00f3n, el ex presidente Rafael Correa fue dado de alta el mediod\u00eda del s\u00e1bado 27 de mayo, por los m\u00e9dicos del hospital Carlos Andrade Mar\u00edn, en Quito. All\u00ed lo atendieron desde el 24 de mayo pasado, tras la ceremonia de cambio de mando, por una neumon\u00eda &nbsp; &nbsp; &nbsp; &nbsp; La enfermedad, al parecer, lo aquej\u00f3 desde el s\u00e1bado 20 de mayo, indic\u00f3 el exmandatario en su cuenta Twitter. \u201cMe sent\u00eda muy mal: dolor de cabeza, presi\u00f3n alta, escalofr\u00edos, cansancio extremo. El domingo pas\u00e9 todo el&#8230;<\/p>\n","protected":false},"author":3,"featured_media":12186,"comment_status":"closed","ping_status":"closed","sticky":false,"template":"","format":"standard","meta":[],"categories":[4],"tags":[],"_links":{"self":[{"href":"https:\/\/www.actualidadadiario.com\/index.php\/wp-json\/wp\/v2\/posts\/12185"}],"collection":[{"href":"https:\/\/www.actualidadadiario.com\/index.php\/wp-json\/wp\/v2\/posts"}],"about":[{"href":"https:\/\/www.actualidadadiario.com\/index.php\/wp-json\/wp\/v2\/types\/post"}],"author":[{"embeddable":true,"href":"https:\/\/www.actualidadadiario.com\/index.php\/wp-json\/wp\/v2\/users\/3"}],"replies":[{"embeddable":true,"href":"https:\/\/www.actualidadadiario.com\/index.php\/wp-json\/wp\/v2\/comments?post=12185"}],"version-history":[{"count":1,"href":"https:\/\/www.actualidadadiario.com\/index.php\/wp-json\/wp\/v2\/posts\/12185\/revisions"}],"predecessor-version":[{"id":12187,"href":"https:\/\/www.actualidadadiario.com\/index.php\/wp-json\/wp\/v2\/posts\/12185\/revisions\/12187"}],"wp:featuredmedia":[{"embeddable":true,"href":"https:\/\/www.actualidadadiario.com\/index.php\/wp-json\/wp\/v2\/media\/12186"}],"wp:attachment":[{"href":"https:\/\/www.actualidadadiario.com\/index.php\/wp-json\/wp\/v2\/media?parent=12185"}],"wp:term":[{"taxonomy":"category","embeddable":true,"href":"https:\/\/www.actualidadadiario.com\/index.php\/wp-json\/wp\/v2\/categories?post=12185"},{"taxonomy":"post_tag","embeddable":true,"href":"https:\/\/www.actualidadadiario.com\/index.php\/wp-json\/wp\/v2\/tags?post=12185"}],"curies":[{"name":"wp","href":"https:\/\/api.w.org\/{rel}","templated":true}]}}