{"id":121824,"date":"2024-10-21T14:56:29","date_gmt":"2024-10-21T17:56:29","guid":{"rendered":"https:\/\/www.actualidadadiario.com\/?p=121824"},"modified":"2024-10-21T14:56:29","modified_gmt":"2024-10-21T17:56:29","slug":"lula-sufrio-un-accidente-domestico-y-no-asistira-a-la-cumbre-de-los-brics-en-rusia","status":"publish","type":"post","link":"https:\/\/www.actualidadadiario.com\/index.php\/2024\/10\/21\/lula-sufrio-un-accidente-domestico-y-no-asistira-a-la-cumbre-de-los-brics-en-rusia\/","title":{"rendered":"Lula sufri\u00f3 un accidente dom\u00e9stico y no asistir\u00e1 a la cumbre de los BRICS en Rusia"},"content":{"rendered":"<p style=\"text-align: center;\"><em><strong>El presidente brasile\u00f1o sufri\u00f3 una ca\u00edda en el ba\u00f1o y recibi\u00f3 puntos de sutura en la cabeza, por lo que tiene un \u201cimpedimento temporal para vuelos de larga duraci\u00f3n\u201d<\/strong><\/em><\/p>\n<p>&nbsp;<\/p>\n<p>&nbsp;<\/p>\n<p>El presidente de Brasil, Luiz In\u00e1cio Lula da Silva, fue hospitalizado en Brasilia a ra\u00edz de una herida en la cabeza producto de un accidente dom\u00e9stico el s\u00e1bado, por lo que cancel\u00f3 su viaje previsto a Rusia para participar en la Cumbre del grupo BRICS (Brasil, Rusia, India, China y Sud\u00e1frica) a efectuarse del 22 al 24 de este mes en Kaz\u00e1n, difundi\u00f3 el Gobierno brasile\u00f1o.<\/p>\n<p>El Palacio de Planalto, sede del Ejecutivo en la ciudad de Brasilia, dio a conocer en un comunicado que Lula da Silva, de 78 a\u00f1os de edad, \u00abno viajar\u00e1 a la Cumbre de BRICS\u00bb por recomendaci\u00f3n m\u00e9dica a no realizar viajes de avi\u00f3n de larga duraci\u00f3n.<\/p>\n<p>Indic\u00f3 que el mandatario brasile\u00f1o tendr\u00e1 su participaci\u00f3n en la Cumbre de BRICS a trav\u00e9s de videoconferencia, mientras que en Brasilia llevar\u00e1 a cabo una agenda de trabajo normal la semana venidera en la sede del Ejecutivo.<\/p>\n<p>Lula tuvo un accidente dom\u00e9stico e ingres\u00f3 al Hospital Sirio-Liban\u00e9s de Brasilia con una \u00abherida\u00bb contusa en la regi\u00f3n occipital de la cabeza.<\/p>\n<p>\u00abDespu\u00e9s de la evaluaci\u00f3n del equipo m\u00e9dico, Lula fue orientado a evitar un viaje a\u00e9reo de larga duraci\u00f3n pudiendo ejercer todas las actividades restantes\u00ab, se\u00f1ala el bolet\u00edn firmado por los m\u00e9dicos Roberto Kalil Filho y Ana Germoglio.<\/p>\n<p>El a\u00f1o pasado, el presidente brasile\u00f1o, quien el pr\u00f3ximo 27 de octubre cumplir\u00e1 79 a\u00f1os, se someti\u00f3 tambi\u00e9n a una operaci\u00f3n de cadera.<\/p>\n","protected":false},"excerpt":{"rendered":"<p>El presidente brasile\u00f1o sufri\u00f3 una ca\u00edda en el ba\u00f1o y recibi\u00f3 puntos de sutura en la cabeza, por lo que tiene un \u201cimpedimento temporal para vuelos de larga duraci\u00f3n\u201d &nbsp; &nbsp; El presidente de Brasil, Luiz In\u00e1cio Lula da Silva, fue hospitalizado en Brasilia a ra\u00edz de una herida en la cabeza producto de un accidente dom\u00e9stico el s\u00e1bado, por lo que cancel\u00f3 su viaje previsto a Rusia para participar en la Cumbre del grupo BRICS (Brasil, Rusia, India, China y Sud\u00e1frica) a efectuarse del 22 al 24 de este&#8230;<\/p>\n","protected":false},"author":3,"featured_media":115367,"comment_status":"closed","ping_status":"closed","sticky":false,"template":"","format":"standard","meta":[],"categories":[4],"tags":[],"_links":{"self":[{"href":"https:\/\/www.actualidadadiario.com\/index.php\/wp-json\/wp\/v2\/posts\/121824"}],"collection":[{"href":"https:\/\/www.actualidadadiario.com\/index.php\/wp-json\/wp\/v2\/posts"}],"about":[{"href":"https:\/\/www.actualidadadiario.com\/index.php\/wp-json\/wp\/v2\/types\/post"}],"author":[{"embeddable":true,"href":"https:\/\/www.actualidadadiario.com\/index.php\/wp-json\/wp\/v2\/users\/3"}],"replies":[{"embeddable":true,"href":"https:\/\/www.actualidadadiario.com\/index.php\/wp-json\/wp\/v2\/comments?post=121824"}],"version-history":[{"count":1,"href":"https:\/\/www.actualidadadiario.com\/index.php\/wp-json\/wp\/v2\/posts\/121824\/revisions"}],"predecessor-version":[{"id":121825,"href":"https:\/\/www.actualidadadiario.com\/index.php\/wp-json\/wp\/v2\/posts\/121824\/revisions\/121825"}],"wp:featuredmedia":[{"embeddable":true,"href":"https:\/\/www.actualidadadiario.com\/index.php\/wp-json\/wp\/v2\/media\/115367"}],"wp:attachment":[{"href":"https:\/\/www.actualidadadiario.com\/index.php\/wp-json\/wp\/v2\/media?parent=121824"}],"wp:term":[{"taxonomy":"category","embeddable":true,"href":"https:\/\/www.actualidadadiario.com\/index.php\/wp-json\/wp\/v2\/categories?post=121824"},{"taxonomy":"post_tag","embeddable":true,"href":"https:\/\/www.actualidadadiario.com\/index.php\/wp-json\/wp\/v2\/tags?post=121824"}],"curies":[{"name":"wp","href":"https:\/\/api.w.org\/{rel}","templated":true}]}}