{"id":12182,"date":"2017-05-29T10:35:14","date_gmt":"2017-05-29T13:35:14","guid":{"rendered":"http:\/\/actualidadadiario.com\/site\/?p=12182"},"modified":"2017-05-29T10:35:14","modified_gmt":"2017-05-29T13:35:14","slug":"el-consejo-de-la-magistratura-comienza-a-definir-el-futuro-de-freiler","status":"publish","type":"post","link":"https:\/\/www.actualidadadiario.com\/index.php\/2017\/05\/29\/el-consejo-de-la-magistratura-comienza-a-definir-el-futuro-de-freiler\/","title":{"rendered":"El Consejo de la Magistratura comienza a definir el futuro de Freiler"},"content":{"rendered":"<p><em><strong>El proyecto para el inicio de un proceso de remoci\u00f3n del titular de la Sala I de la C\u00e1mara Nacional de Apelaciones en lo Criminal y Correccional Federal, Eduardo Freiler, tendr\u00e1 hoy su primera definici\u00f3n cuando a las 9, los integrantes de la Comisi\u00f3n de Disciplina y Acusaci\u00f3n del Consejo de la Magistratura voten la continuidad o no de este procedimiento disciplinario, en base a un expediente en el que se acusa al camarista de mal desempe\u00f1o de sus funciones<\/strong><\/em><\/p>\n<p>&nbsp;<\/p>\n<p>&nbsp;<\/p>\n<p>&nbsp;<\/p>\n<p>&nbsp;<\/p>\n<p>&nbsp;<\/p>\n<p>El resultado de la votaci\u00f3n, que requerir\u00e1 de una mayor\u00eda simple, ser\u00e1 lo que defina si el tema pasa al plenario del jueves, que ser\u00e1 la instancia definitiva de este proceso disciplinario contra el magistrado, que qued\u00f3 al borde del juicio pol\u00edtico por no poder justificar &#8220;17 millones de pesos&#8221;, y &#8220;omitir ciertos bienes en sus declaraciones juradas&#8221;, seg\u00fan precis\u00f3 el diputado Pablo Tonelli (Cambiemos), instructor del expediente que se tramita en el Consejo de la Magistratura.<\/p>\n<p>&nbsp;<\/p>\n<p>El jueves, la decisi\u00f3n final resultar\u00e1 que el proyecto re\u00fana la mayor\u00eda especial de dos tercios de los votos de los consejeros presentes, lo que si estuvieran todos los integrantes del \u00f3rgano, ser\u00edan 9 votos de un total de 13.<\/p>\n<p>&nbsp;<\/p>\n<p>Si el jueves se reunieran los votos necesarios, el camarista Freiler quedar\u00eda a las puertas de un proceso de enjuiciamiento que implica su suspensi\u00f3n durante seis meses, y un juicio pol\u00edtico que podr\u00eda removerlo de su cargo en forma definitiva.<\/p>\n<p>&nbsp;<\/p>\n<p>En el expediente elaborado por Tonelli, el consejero instructor sorteado, constan todas las pruebas reunidas durante los diez meses que dur\u00f3 la reuni\u00f3n de las pruebas, que van desde declaraciones juradas, propiedades y veh\u00edculos, hasta gastos con tarjetas de cr\u00e9ditos, y registro de viajes al exterior.<\/p>\n<p>&nbsp;<\/p>\n<p>Sin embargo, el oficialismo podr\u00eda no contar con los votos necesarios para que avance el proceso disciplinario, y es posible que su votaci\u00f3n en plenario, prevista para el jueves, se postergue si no logran conseguir el noveno voto, representado por el acad\u00e9mico Jorge Daniel Candis, aunque tambi\u00e9n, en menor medida, por la jueza Gabriela V\u00e1zquez.<\/p>\n","protected":false},"excerpt":{"rendered":"<p>El proyecto para el inicio de un proceso de remoci\u00f3n del titular de la Sala I de la C\u00e1mara Nacional de Apelaciones en lo Criminal y Correccional Federal, Eduardo Freiler, tendr\u00e1 hoy su primera definici\u00f3n cuando a las 9, los integrantes de la Comisi\u00f3n de Disciplina y Acusaci\u00f3n del Consejo de la Magistratura voten la continuidad o no de este procedimiento disciplinario, en base a un expediente en el que se acusa al camarista de mal desempe\u00f1o de sus funciones &nbsp; &nbsp; &nbsp; &nbsp; &nbsp; El resultado de la votaci\u00f3n,&#8230;<\/p>\n","protected":false},"author":3,"featured_media":12183,"comment_status":"closed","ping_status":"closed","sticky":false,"template":"","format":"standard","meta":[],"categories":[9],"tags":[],"_links":{"self":[{"href":"https:\/\/www.actualidadadiario.com\/index.php\/wp-json\/wp\/v2\/posts\/12182"}],"collection":[{"href":"https:\/\/www.actualidadadiario.com\/index.php\/wp-json\/wp\/v2\/posts"}],"about":[{"href":"https:\/\/www.actualidadadiario.com\/index.php\/wp-json\/wp\/v2\/types\/post"}],"author":[{"embeddable":true,"href":"https:\/\/www.actualidadadiario.com\/index.php\/wp-json\/wp\/v2\/users\/3"}],"replies":[{"embeddable":true,"href":"https:\/\/www.actualidadadiario.com\/index.php\/wp-json\/wp\/v2\/comments?post=12182"}],"version-history":[{"count":1,"href":"https:\/\/www.actualidadadiario.com\/index.php\/wp-json\/wp\/v2\/posts\/12182\/revisions"}],"predecessor-version":[{"id":12184,"href":"https:\/\/www.actualidadadiario.com\/index.php\/wp-json\/wp\/v2\/posts\/12182\/revisions\/12184"}],"wp:featuredmedia":[{"embeddable":true,"href":"https:\/\/www.actualidadadiario.com\/index.php\/wp-json\/wp\/v2\/media\/12183"}],"wp:attachment":[{"href":"https:\/\/www.actualidadadiario.com\/index.php\/wp-json\/wp\/v2\/media?parent=12182"}],"wp:term":[{"taxonomy":"category","embeddable":true,"href":"https:\/\/www.actualidadadiario.com\/index.php\/wp-json\/wp\/v2\/categories?post=12182"},{"taxonomy":"post_tag","embeddable":true,"href":"https:\/\/www.actualidadadiario.com\/index.php\/wp-json\/wp\/v2\/tags?post=12182"}],"curies":[{"name":"wp","href":"https:\/\/api.w.org\/{rel}","templated":true}]}}