{"id":12179,"date":"2017-05-29T10:34:26","date_gmt":"2017-05-29T13:34:26","guid":{"rendered":"http:\/\/actualidadadiario.com\/site\/?p=12179"},"modified":"2017-05-29T10:34:26","modified_gmt":"2017-05-29T13:34:26","slug":"alberto-fernandez-si-cristina-gana-las-paso-la-vamos-a-acompanar","status":"publish","type":"post","link":"https:\/\/www.actualidadadiario.com\/index.php\/2017\/05\/29\/alberto-fernandez-si-cristina-gana-las-paso-la-vamos-a-acompanar\/","title":{"rendered":"Alberto Fern\u00e1ndez: &#8220;Si Cristina gana las PASO, la vamos a acompa\u00f1ar&#8221;"},"content":{"rendered":"<p><em><strong>As\u00ed lo confirm\u00f3 el jefe de campa\u00f1a de Florencio Randazzo, quien aspira a competir en las Primarias con la ex Presidenta de cara a las Elecciones legislativas de octubre. En otro tono y a modo de reflexi\u00f3n, el ex jefe de Gabinete, sostuvo: &#8220;Algo se habr\u00e1 hecho mal para que Macri sea presidente&#8221;<\/strong><\/em><\/p>\n<p>&nbsp;<\/p>\n<p>&nbsp;<\/p>\n<p>&nbsp;<\/p>\n<p>&nbsp;<\/p>\n<p>Alberto Fern\u00e1ndez se refiri\u00f3 a las pr\u00f3ximas PASO y reconoci\u00f3 que en caso de perder, su espacio \u201cacompa\u00f1ar\u00e1\u201d a Cristina Fern\u00e1ndez de Kirchner. El Jefe de campa\u00f1a de Florencio Randazzo apoya una disputa entre los dos espacios del peronismo para definir a los representantes de cara a las Elecciones legislativas de octubre.<\/p>\n<p>&nbsp;<\/p>\n<p>\u201cLas PASO no son un acto de ruptura. Es una competencia dentro de un espacio pol\u00edtico. Se dirime qui\u00e9n gana. El que gana pone la mayor\u00eda en esa lista y el que pierde la minor\u00eda\u201d, explic\u00f3.<\/p>\n<p>&nbsp;<\/p>\n<p>En cuanto a cu\u00e1l ser\u00eda el accionar del randazzismo ante una derrota, coment\u00f3 en una entrevista brindada a Radio Mitre: \u201cObviamente que si gana Cristina Fern\u00e1ndez en las PASO la vamos a acompa\u00f1ar, pero estamos seguros que nos va a ir muy bien. Nosotros respetar\u00edamos el mandato popular si es que la votan a Cristina y esperamos que lo respeten todos\u201d.<\/p>\n<p>&nbsp;<\/p>\n<p>\u201cNo promovemos la interna en el peronismo, estamos tratando de cumplir la ley que establece que debe haber PASO, impulsada por Cristina y que intent\u00f3 romper las barreras de los partidos pol\u00edticos, para que la gente resuelva qui\u00e9n los representa mejor\u201d, agreg\u00f3 Fern\u00e1ndez en di\u00e1logo con Radio Mitre.<\/p>\n<p>&nbsp;<\/p>\n<p>El ex integrante del Frente Renovador se diferenci\u00f3 del kirchnerismo, al se\u00f1alar que en contraste, el nuevo espacio peronista que se conform\u00f3 alrededor de la figura de Randazzo propone hacer expl\u00edcitos los \u201cerrores\u201d que llevaron a la derrota.<\/p>\n<p>&nbsp;<\/p>\n<p>\u201cUna de las cosas que nos diferencia del otro espacio es que creemos que tenemos que discutir que nos pas\u00f3. Algo se habr\u00e1 hecho mal para que Macri sea presidente. Obviamente que si uno pone en la balanza, fueron m\u00e1s los aciertos que los errores\u201d, asegur\u00f3.<\/p>\n<p>&nbsp;<\/p>\n<p>Consultado acerca de las denuncias por corrupci\u00f3n que salpican a varios funcionarios de la gesti\u00f3n kirchnerista, Fern\u00e1ndez se\u00f1al\u00f3 que en cualquier caso fueron incidentes que involucraron puntualmente a algunos actores del gobierno del Frente para la Victoria, pero que no llegaban a configurar un \u201csistema\u201d generalizado de corrupci\u00f3n.<\/p>\n","protected":false},"excerpt":{"rendered":"<p>As\u00ed lo confirm\u00f3 el jefe de campa\u00f1a de Florencio Randazzo, quien aspira a competir en las Primarias con la ex Presidenta de cara a las Elecciones legislativas de octubre. En otro tono y a modo de reflexi\u00f3n, el ex jefe de Gabinete, sostuvo: &#8220;Algo se habr\u00e1 hecho mal para que Macri sea presidente&#8221; &nbsp; &nbsp; &nbsp; &nbsp; Alberto Fern\u00e1ndez se refiri\u00f3 a las pr\u00f3ximas PASO y reconoci\u00f3 que en caso de perder, su espacio \u201cacompa\u00f1ar\u00e1\u201d a Cristina Fern\u00e1ndez de Kirchner. El Jefe de campa\u00f1a de Florencio Randazzo apoya una disputa&#8230;<\/p>\n","protected":false},"author":3,"featured_media":12180,"comment_status":"closed","ping_status":"closed","sticky":false,"template":"","format":"standard","meta":[],"categories":[18],"tags":[],"_links":{"self":[{"href":"https:\/\/www.actualidadadiario.com\/index.php\/wp-json\/wp\/v2\/posts\/12179"}],"collection":[{"href":"https:\/\/www.actualidadadiario.com\/index.php\/wp-json\/wp\/v2\/posts"}],"about":[{"href":"https:\/\/www.actualidadadiario.com\/index.php\/wp-json\/wp\/v2\/types\/post"}],"author":[{"embeddable":true,"href":"https:\/\/www.actualidadadiario.com\/index.php\/wp-json\/wp\/v2\/users\/3"}],"replies":[{"embeddable":true,"href":"https:\/\/www.actualidadadiario.com\/index.php\/wp-json\/wp\/v2\/comments?post=12179"}],"version-history":[{"count":1,"href":"https:\/\/www.actualidadadiario.com\/index.php\/wp-json\/wp\/v2\/posts\/12179\/revisions"}],"predecessor-version":[{"id":12181,"href":"https:\/\/www.actualidadadiario.com\/index.php\/wp-json\/wp\/v2\/posts\/12179\/revisions\/12181"}],"wp:featuredmedia":[{"embeddable":true,"href":"https:\/\/www.actualidadadiario.com\/index.php\/wp-json\/wp\/v2\/media\/12180"}],"wp:attachment":[{"href":"https:\/\/www.actualidadadiario.com\/index.php\/wp-json\/wp\/v2\/media?parent=12179"}],"wp:term":[{"taxonomy":"category","embeddable":true,"href":"https:\/\/www.actualidadadiario.com\/index.php\/wp-json\/wp\/v2\/categories?post=12179"},{"taxonomy":"post_tag","embeddable":true,"href":"https:\/\/www.actualidadadiario.com\/index.php\/wp-json\/wp\/v2\/tags?post=12179"}],"curies":[{"name":"wp","href":"https:\/\/api.w.org\/{rel}","templated":true}]}}