{"id":12176,"date":"2017-05-29T10:33:35","date_gmt":"2017-05-29T13:33:35","guid":{"rendered":"http:\/\/actualidadadiario.com\/site\/?p=12176"},"modified":"2017-05-29T10:33:35","modified_gmt":"2017-05-29T13:33:35","slug":"supuesto-intento-de-atentado-desnudo-una-interna-entre-casa-militar-y-la-custodia-presidencial","status":"publish","type":"post","link":"https:\/\/www.actualidadadiario.com\/index.php\/2017\/05\/29\/supuesto-intento-de-atentado-desnudo-una-interna-entre-casa-militar-y-la-custodia-presidencial\/","title":{"rendered":"Supuesto intento de atentado desnud\u00f3 una interna entre Casa Militar y la custodia presidencial"},"content":{"rendered":"<p><em><strong>Militares y polic\u00edas tienen a cargo la seguridad del Primer Mandatario. Advierten sobre los riesgos de la bicefal\u00eda y reclaman unificar el servicio<\/strong><\/em><\/p>\n<p>&nbsp;<\/p>\n<p>&nbsp;<\/p>\n<p>&nbsp;<\/p>\n<p>&nbsp;<\/p>\n<p>&nbsp;<\/p>\n<p>Cuando el jueves por la noche una denuncia period\u00edstica asegur\u00f3 con temeridad que Mauricio Macri estaba &#8220;bajo amenaza de muerte por narcos&#8221; y que se hab\u00eda llevado a cabo un supuesto operativo para detener a un sospechoso en el Tedeum celebrado en la Catedral Metropolitana esa misma ma\u00f1ana, en la Agencia Federal de Inteligencia (AFI) y el Ministerio de Seguridad sab\u00edan que tendr\u00edan por delante una madrugada complicada. La informaci\u00f3n ten\u00eda inexactitudes evidentes (no hubo ninguna organizaci\u00f3n narco detr\u00e1s de la presunta intimidaci\u00f3n al mandatario) y algunos datos perfectamente corroborables: s\u00ed existi\u00f3 alerta por un posible ataque dentro o fuera del principal templo cat\u00f3lico porte\u00f1o, que motiv\u00f3 una reacci\u00f3n efectiva y eficiente de los organismos a cargo de la seguridad presidencial.<\/p>\n<p>&nbsp;<\/p>\n<p>Si bien hubo preocupaci\u00f3n por la filtraci\u00f3n informativa que motiv\u00f3 las consultas hasta altas horas de la madrugada, el caso no pas\u00f3 a mayores. Sin embargo puso en evidencia los problemas existentes entre los diferentes estamentos a cargo de proteger al Primer Mandatario ante cualquier amenaza o ataque que ponga en peligro su vida.<\/p>\n<p>&nbsp;<\/p>\n<p>&#8220;El gran problema es la inexistencia de una fuerza unificada a cargo de proteger al Presidente, lo que dificulta las tareas de coordinaci\u00f3n&#8221;, explica una fuente gubernamental. La historia se remonta a los d\u00edas posteriores a la asunci\u00f3n de Macri, en diciembre de 2015. Antes de jubilarse, el jefe de la Federal, Rom\u00e1n Di Santo, puso al frente de la Seguridad Presidencial al comisario mayor Alejandro Cecati, un hombre experimentado en la materia y con el entrenamiento adecuado para la misi\u00f3n.<\/p>\n<p>&nbsp;<\/p>\n<p>Los conflictos se agudizaron luego de los incidentes ocurridos a mediados del a\u00f1o pasado en Mar del Plata, donde un grupo de manifestantes insult\u00f3 y arroj\u00f3 piedras contra Macri y la gobernadora Mar\u00eda Eugenia Vidal. El incidente provoc\u00f3 cuestionamientos y todas las miradas se posaron sobre Cecati. Luego del correspondiente pase de facturas, el polic\u00eda asumi\u00f3 la parte que le tocaba en el &#8220;descuido&#8221; y su actitud le otorg\u00f3 una nueva oportunidad. Desde entonces, vaya donde vaya el Presidente, all\u00ed va Cecati con su equipo de experimentados hombres.<\/p>\n<p>&nbsp;<\/p>\n<p>&nbsp;<\/p>\n<p><strong>El rol de Casa Militar<\/strong><\/p>\n<p>Por decreto presidencial, la Casa Militar es &#8220;la responsable primaria&#8221; de la seguridad del Primer Mandatario. Con base en la Casa Rosada, es conducida por un oficial superior de las Fuerzas Armadas, cuyo cargo es rotativo cada dos a\u00f1os y, como dice el decreto, &#8220;debe proveer la seguridad del Presidente, de sus familiares directos, como tambi\u00e9n de la Casa de Gobierno, la residencia presidencial de Olivos y otros lugares de residencia transitoria que disponga el Jefe del Estado&#8221;.<\/p>\n<p>&nbsp;<\/p>\n<p>Queda claro, entonces, que la conducci\u00f3n del proceso de custodia de la persona institucionalmente m\u00e1s importante de la Argentina es bic\u00e9fala. Y, por lo visto, la coordinaci\u00f3n entre ambas cabezas no funciona de la mejor manera. Un funcionario con acceso al c\u00edrculo \u00edntimo del Presidente grafic\u00f3 la parad\u00f3jica bicefal\u00eda con un ejemplo: &#8220;Casa Militar vela por la seguridad en Olivos; cuando Macri se sube al auto o al helic\u00f3ptero para trasladarse a la Rosada, su cuidado queda en manos de la custodia de la Federal; y cuando llega a la Casa de Gobierno, vuelve a tomar el control la dependencia a cargo del general de brigada Jos\u00e9 Luis Yofre&#8221;, quien hasta su arribo a la estrat\u00e9gica dependencia, era director de Remonta y Veterinaria del Ej\u00e9rcito y presid\u00eda la Asociaci\u00f3n Argentina de Fomento Equino. Sus antecedentes no lo favorecen.<\/p>\n<p>&nbsp;<\/p>\n<p>&#8220;Lo ideal ser\u00eda ir a un esquema donde exista un Servicio Secreto -como en los Estados Unidos- a cargo del proceso integral de seguridad presidencial y que est\u00e9 integrado por fuerzas de seguridad, sin estatus policial, es decir que bajo ninguna circunstancia abandone su misi\u00f3n principal: preservar la vida del mandatario&#8221;, sostuvo la fuente, que antes de finalizar, destac\u00f3 la importancia de dotar a este equipo de &#8220;la mayor tecnolog\u00eda y equipamiento&#8221;. No todas las hip\u00f3tesis de atentado tendr\u00e1n como protagonista a un inofensivo franc\u00e9s, amante de los coros, que quer\u00eda cantar en la Catedral Metropolitana.<\/p>\n","protected":false},"excerpt":{"rendered":"<p>Militares y polic\u00edas tienen a cargo la seguridad del Primer Mandatario. Advierten sobre los riesgos de la bicefal\u00eda y reclaman unificar el servicio &nbsp; &nbsp; &nbsp; &nbsp; &nbsp; Cuando el jueves por la noche una denuncia period\u00edstica asegur\u00f3 con temeridad que Mauricio Macri estaba &#8220;bajo amenaza de muerte por narcos&#8221; y que se hab\u00eda llevado a cabo un supuesto operativo para detener a un sospechoso en el Tedeum celebrado en la Catedral Metropolitana esa misma ma\u00f1ana, en la Agencia Federal de Inteligencia (AFI) y el Ministerio de Seguridad sab\u00edan que&#8230;<\/p>\n","protected":false},"author":3,"featured_media":12177,"comment_status":"closed","ping_status":"closed","sticky":false,"template":"","format":"standard","meta":[],"categories":[18],"tags":[],"_links":{"self":[{"href":"https:\/\/www.actualidadadiario.com\/index.php\/wp-json\/wp\/v2\/posts\/12176"}],"collection":[{"href":"https:\/\/www.actualidadadiario.com\/index.php\/wp-json\/wp\/v2\/posts"}],"about":[{"href":"https:\/\/www.actualidadadiario.com\/index.php\/wp-json\/wp\/v2\/types\/post"}],"author":[{"embeddable":true,"href":"https:\/\/www.actualidadadiario.com\/index.php\/wp-json\/wp\/v2\/users\/3"}],"replies":[{"embeddable":true,"href":"https:\/\/www.actualidadadiario.com\/index.php\/wp-json\/wp\/v2\/comments?post=12176"}],"version-history":[{"count":1,"href":"https:\/\/www.actualidadadiario.com\/index.php\/wp-json\/wp\/v2\/posts\/12176\/revisions"}],"predecessor-version":[{"id":12178,"href":"https:\/\/www.actualidadadiario.com\/index.php\/wp-json\/wp\/v2\/posts\/12176\/revisions\/12178"}],"wp:featuredmedia":[{"embeddable":true,"href":"https:\/\/www.actualidadadiario.com\/index.php\/wp-json\/wp\/v2\/media\/12177"}],"wp:attachment":[{"href":"https:\/\/www.actualidadadiario.com\/index.php\/wp-json\/wp\/v2\/media?parent=12176"}],"wp:term":[{"taxonomy":"category","embeddable":true,"href":"https:\/\/www.actualidadadiario.com\/index.php\/wp-json\/wp\/v2\/categories?post=12176"},{"taxonomy":"post_tag","embeddable":true,"href":"https:\/\/www.actualidadadiario.com\/index.php\/wp-json\/wp\/v2\/tags?post=12176"}],"curies":[{"name":"wp","href":"https:\/\/api.w.org\/{rel}","templated":true}]}}