{"id":12173,"date":"2017-05-29T10:32:49","date_gmt":"2017-05-29T13:32:49","guid":{"rendered":"http:\/\/actualidadadiario.com\/site\/?p=12173"},"modified":"2017-05-29T10:32:49","modified_gmt":"2017-05-29T13:32:49","slug":"schiaretti-afirmo-que-el-peronismo-le-ganara-a-cambiemos-en-cordoba","status":"publish","type":"post","link":"https:\/\/www.actualidadadiario.com\/index.php\/2017\/05\/29\/schiaretti-afirmo-que-el-peronismo-le-ganara-a-cambiemos-en-cordoba\/","title":{"rendered":"Schiaretti afirm\u00f3 que el peronismo le ganar\u00e1 a Cambiemos en C\u00f3rdoba"},"content":{"rendered":"<p><strong><em>El gobernador de C\u00f3rdoba, Juan Schiaretti, afirm\u00f3 que &#8220;el peronismo le ganar\u00e1 a Cambiemos en las elecciones legislativas de este a\u00f1o&#8221;, y a la vez se\u00f1al\u00f3 que &#8220;es la hora de discutir el centralismo porte\u00f1o&#8221;, al cerrar este fin de semana el congreso provincial del Partido Justicialista<\/em><\/strong><\/p>\n<p>&nbsp;<\/p>\n<p>&nbsp;<\/p>\n<p>&nbsp;<\/p>\n<p>&nbsp;<\/p>\n<p>El gobernador de C\u00f3rdoba, Juan Schiaretti, afirm\u00f3 que &#8220;el peronismo le ganar\u00e1 a Cambiemos en las elecciones legislativas de este a\u00f1o&#8221;, y a la vez se\u00f1al\u00f3 que &#8220;es la hora de discutir el centralismo porte\u00f1o&#8221;, al cerrar este fin de semana el congreso provincial del Partido Justicialista.<\/p>\n<p>&nbsp;<\/p>\n<p>El mandatario provincial asegur\u00f3 que &#8220;Uni\u00f3n por C\u00f3rdoba se impondr\u00e1 en el territorio provincial en las elecciones legislativas&#8221;. Y argument\u00f3 que &#8220;en C\u00f3rdoba, el apoyo al gobierno provincial est\u00e1 como m\u00ednimo 10 puntos por arriba del gobierno nacional, seg\u00fan todas las encuestas&#8221;.<\/p>\n<p>&nbsp;<\/p>\n<p>Pronostic\u00f3 entonces que &#8220;le vamos a ganar las elecciones a Cambiemos. Nosotros no queremos pelearnos con el gobierno nacional, simplemente queremos ganarles las elecciones y se las vamos a ganar. Le garantizamos al Presidente que pueda gobernar y queremos la reciprocidad, porque nosotros expresamos la fuerza y el compromiso&#8221;, reclam\u00f3.<\/p>\n<p>&nbsp;<\/p>\n<p>Por otra parte, Schiaretti manifest\u00f3 que &#8220;se viene el debate por los recursos&#8221; y agreg\u00f3: &#8220;Queremos que al Congreso de la Naci\u00f3n vayan aquellos que son capaces de defender los recursos de C\u00f3rdoba y de defender los recursos del interior contra el centralismo porte\u00f1o y el conurbano bonaerense. Eso es lo que se va debatir en la Naci\u00f3n&#8221;, afirm\u00f3.<\/p>\n<p>&nbsp;<\/p>\n<p>&#8220;Nuestra patria desde los albores de la misma concentra todo en Buenos Aires, por m\u00e1s que tengamos una Constituci\u00f3n federal, siempre hubo un centralismo&#8221;, cuestion\u00f3, y sigui\u00f3: &#8220;Ahora es el momento de discutir ese centralismo, es la hora de las provincias, es la hora del federalismo, es la hora de que no habiendo mayor\u00edas claras en el Congreso de la Naci\u00f3n y por lo tanto no habiendo mayor\u00eda autom\u00e1tica, la Argentina ponga en marcha un federalismo en serio&#8221;.<\/p>\n<p>&nbsp;<\/p>\n<p>Y agreg\u00f3 que &#8220;es la hora que acabemos con esta historia de que todos los subsidios quedan en Buenos Aires, que terminemos con esta historia de los \u00faltimos 40 a\u00f1os, donde la Naci\u00f3n fue concentrando recursos en desmedro de las provincias. No hay posibilidad de tener autonom\u00eda si hay ahogo financiero, es la hora que la Naci\u00f3n empiece a devolver recursos que son de las provincias, a las provincias argentinas, y eso es lo que tenemos que plantear en el Congreso Nacional&#8221;, asever\u00f3.<\/p>\n<p>&nbsp;<\/p>\n<p>&#8220;Es la hora que se acaben los subsidios que benefician a la Capital Federal y al conurbano. Quiero que alguien me explique por qu\u00e9 en C\u00f3rdoba se paga 13 pesos la tarifa del transporte, 15 pesos en R\u00edo Cuarto y en Capital Federal se paga menos de 6&#8221;, se quej\u00f3 el gobernador.<\/p>\n<p>&nbsp;<\/p>\n<p>&#8220;Vamos por la defensa de nuestra C\u00f3rdoba, y hay que decirlo con todas las letras: a la hora de la verdad, en la que hubo discusiones por los recursos, los \u00fanicos que nos plantamos manteniendo la dignidad de nuestra provincia y peleando por lo que es nuestro fue Uni\u00f3n Por C\u00f3rdoba. Los de la oposici\u00f3n le hicieron el juego al centralismo y estuvieron en contra de que vengan los recursos de la caja&#8221;, enfatiz\u00f3.<\/p>\n<p>&nbsp;<\/p>\n<p>Asimismo, Schiaretti anticip\u00f3 que van &#8220;a formar un bloque con los gobernadores para exigirle federalismo al presidente Macri&#8221;.<\/p>\n","protected":false},"excerpt":{"rendered":"<p>El gobernador de C\u00f3rdoba, Juan Schiaretti, afirm\u00f3 que &#8220;el peronismo le ganar\u00e1 a Cambiemos en las elecciones legislativas de este a\u00f1o&#8221;, y a la vez se\u00f1al\u00f3 que &#8220;es la hora de discutir el centralismo porte\u00f1o&#8221;, al cerrar este fin de semana el congreso provincial del Partido Justicialista &nbsp; &nbsp; &nbsp; &nbsp; El gobernador de C\u00f3rdoba, Juan Schiaretti, afirm\u00f3 que &#8220;el peronismo le ganar\u00e1 a Cambiemos en las elecciones legislativas de este a\u00f1o&#8221;, y a la vez se\u00f1al\u00f3 que &#8220;es la hora de discutir el centralismo porte\u00f1o&#8221;, al cerrar este fin&#8230;<\/p>\n","protected":false},"author":3,"featured_media":12174,"comment_status":"closed","ping_status":"closed","sticky":false,"template":"","format":"standard","meta":[],"categories":[18],"tags":[],"_links":{"self":[{"href":"https:\/\/www.actualidadadiario.com\/index.php\/wp-json\/wp\/v2\/posts\/12173"}],"collection":[{"href":"https:\/\/www.actualidadadiario.com\/index.php\/wp-json\/wp\/v2\/posts"}],"about":[{"href":"https:\/\/www.actualidadadiario.com\/index.php\/wp-json\/wp\/v2\/types\/post"}],"author":[{"embeddable":true,"href":"https:\/\/www.actualidadadiario.com\/index.php\/wp-json\/wp\/v2\/users\/3"}],"replies":[{"embeddable":true,"href":"https:\/\/www.actualidadadiario.com\/index.php\/wp-json\/wp\/v2\/comments?post=12173"}],"version-history":[{"count":1,"href":"https:\/\/www.actualidadadiario.com\/index.php\/wp-json\/wp\/v2\/posts\/12173\/revisions"}],"predecessor-version":[{"id":12175,"href":"https:\/\/www.actualidadadiario.com\/index.php\/wp-json\/wp\/v2\/posts\/12173\/revisions\/12175"}],"wp:featuredmedia":[{"embeddable":true,"href":"https:\/\/www.actualidadadiario.com\/index.php\/wp-json\/wp\/v2\/media\/12174"}],"wp:attachment":[{"href":"https:\/\/www.actualidadadiario.com\/index.php\/wp-json\/wp\/v2\/media?parent=12173"}],"wp:term":[{"taxonomy":"category","embeddable":true,"href":"https:\/\/www.actualidadadiario.com\/index.php\/wp-json\/wp\/v2\/categories?post=12173"},{"taxonomy":"post_tag","embeddable":true,"href":"https:\/\/www.actualidadadiario.com\/index.php\/wp-json\/wp\/v2\/tags?post=12173"}],"curies":[{"name":"wp","href":"https:\/\/api.w.org\/{rel}","templated":true}]}}