{"id":12167,"date":"2017-05-29T10:30:32","date_gmt":"2017-05-29T13:30:32","guid":{"rendered":"http:\/\/actualidadadiario.com\/site\/?p=12167"},"modified":"2017-05-29T10:30:32","modified_gmt":"2017-05-29T13:30:32","slug":"cristina-el-establishment-tiene-panico-a-una-sola-candidatura","status":"publish","type":"post","link":"https:\/\/www.actualidadadiario.com\/index.php\/2017\/05\/29\/cristina-el-establishment-tiene-panico-a-una-sola-candidatura\/","title":{"rendered":"Cristina: &#8220;El establishment tiene p\u00e1nico a una sola candidatura&#8221;"},"content":{"rendered":"<p><em><strong>La ex presidenta, difundi\u00f3 una nota de La Naci\u00f3n que revela que el establishment argentino &#8220;tiene p\u00e1nico &#8221; a que se presente a las elecciones y las gane<\/strong><\/em><\/p>\n<p>&nbsp;<\/p>\n<p>&nbsp;<\/p>\n<p>&nbsp;<\/p>\n<p>Cristina Fern\u00e1ndez sigue trabajando para lograr que el Frente para la Victoria vaya con una sola candidatura a las elecciones legislativas de este a\u00f1o. Adem\u00e1s todo indica que ella ser\u00eda la candidata de la unidad, pero siempre y cuando no haya competencia interna.<\/p>\n<p>&nbsp;<\/p>\n<p>Este domingo la expresidenta public\u00f3 en sus redes sociales una nota de La Naci\u00f3n, donde en la nota se pone de relieve que el establisment tiene &#8220;p\u00e1nico&#8221; de que ella gane las elecciones, porque representa las intereses de la mayor\u00eda.<\/p>\n<p>&nbsp;<\/p>\n<p>&#8220;Debo confesar que me hubiera gustado \u2013ser\u00eda m\u00e1s saludable para la democracia argentina- encontrar el nombre de m\u00e1s \u201copositores\u201d que preocuparan al establishment. Despu\u00e9s de todo hay tantos hablando todo el tiempo en la TV&#8221;, afirm\u00f3 en una carta difundida en su Facebook personal.<\/p>\n","protected":false},"excerpt":{"rendered":"<p>La ex presidenta, difundi\u00f3 una nota de La Naci\u00f3n que revela que el establishment argentino &#8220;tiene p\u00e1nico &#8221; a que se presente a las elecciones y las gane &nbsp; &nbsp; &nbsp; Cristina Fern\u00e1ndez sigue trabajando para lograr que el Frente para la Victoria vaya con una sola candidatura a las elecciones legislativas de este a\u00f1o. Adem\u00e1s todo indica que ella ser\u00eda la candidata de la unidad, pero siempre y cuando no haya competencia interna. &nbsp; Este domingo la expresidenta public\u00f3 en sus redes sociales una nota de La Naci\u00f3n, donde&#8230;<\/p>\n","protected":false},"author":3,"featured_media":12168,"comment_status":"closed","ping_status":"closed","sticky":false,"template":"","format":"standard","meta":[],"categories":[18],"tags":[],"_links":{"self":[{"href":"https:\/\/www.actualidadadiario.com\/index.php\/wp-json\/wp\/v2\/posts\/12167"}],"collection":[{"href":"https:\/\/www.actualidadadiario.com\/index.php\/wp-json\/wp\/v2\/posts"}],"about":[{"href":"https:\/\/www.actualidadadiario.com\/index.php\/wp-json\/wp\/v2\/types\/post"}],"author":[{"embeddable":true,"href":"https:\/\/www.actualidadadiario.com\/index.php\/wp-json\/wp\/v2\/users\/3"}],"replies":[{"embeddable":true,"href":"https:\/\/www.actualidadadiario.com\/index.php\/wp-json\/wp\/v2\/comments?post=12167"}],"version-history":[{"count":1,"href":"https:\/\/www.actualidadadiario.com\/index.php\/wp-json\/wp\/v2\/posts\/12167\/revisions"}],"predecessor-version":[{"id":12169,"href":"https:\/\/www.actualidadadiario.com\/index.php\/wp-json\/wp\/v2\/posts\/12167\/revisions\/12169"}],"wp:featuredmedia":[{"embeddable":true,"href":"https:\/\/www.actualidadadiario.com\/index.php\/wp-json\/wp\/v2\/media\/12168"}],"wp:attachment":[{"href":"https:\/\/www.actualidadadiario.com\/index.php\/wp-json\/wp\/v2\/media?parent=12167"}],"wp:term":[{"taxonomy":"category","embeddable":true,"href":"https:\/\/www.actualidadadiario.com\/index.php\/wp-json\/wp\/v2\/categories?post=12167"},{"taxonomy":"post_tag","embeddable":true,"href":"https:\/\/www.actualidadadiario.com\/index.php\/wp-json\/wp\/v2\/tags?post=12167"}],"curies":[{"name":"wp","href":"https:\/\/api.w.org\/{rel}","templated":true}]}}