{"id":12164,"date":"2017-05-29T10:29:45","date_gmt":"2017-05-29T13:29:45","guid":{"rendered":"http:\/\/actualidadadiario.com\/site\/?p=12164"},"modified":"2017-05-29T10:30:56","modified_gmt":"2017-05-29T13:30:56","slug":"marcos-pena-presentara-el-miercoles-en-diputados-un-informe-sobre-la-actual-gestion-del-gobierno","status":"publish","type":"post","link":"https:\/\/www.actualidadadiario.com\/index.php\/2017\/05\/29\/marcos-pena-presentara-el-miercoles-en-diputados-un-informe-sobre-la-actual-gestion-del-gobierno\/","title":{"rendered":"Marcos Pe\u00f1a presentar\u00e1 el mi\u00e9rcoles en Diputados un informe sobre la actual gesti\u00f3n del Gobierno"},"content":{"rendered":"<p><em><strong>El Jefe de Gabinete, Marcos Pe\u00f1a, volver\u00e1 el mi\u00e9rcoles a informar a Diputados sobre la gesti\u00f3n de Gobierno, en tanto que se anuncian reuniones de comisiones en ambas c\u00e1maras, algunas con la presencia de funcionarios del Poder Ejecutivo<\/strong><\/em><\/p>\n<p>&nbsp;<\/p>\n<p>&nbsp;<\/p>\n<p>&nbsp;<\/p>\n<p>&nbsp;<\/p>\n<p>&nbsp;<\/p>\n<p>Pe\u00f1a hizo una primera presentaci\u00f3n en la C\u00e1mara baja el 22 de marzo y el 25 de abril inform\u00f3 al Senado, con lo que en lo que va del a\u00f1o parlamentario cumpl\u00eda con la obligaci\u00f3n que la Constituci\u00f3n Nacional establece para su cargo.<\/p>\n<p>&nbsp;<\/p>\n<p>La exposici\u00f3n de Pe\u00f1a en el recinto para dar cuenta de la marcha de la administraci\u00f3n de gobierno empezar\u00e1 a las 11.30.<\/p>\n<p>&nbsp;<\/p>\n<p>En tanto, el martes a las 11 se reunir\u00e1 en el sal\u00f3n Eva Per\u00f3n del Senado la comisi\u00f3n bicameral de Monitoreo e Implementaci\u00f3n del Nuevo C\u00f3digo Procesal Penal de la Naci\u00f3n con la presencia del jefe de Gabinete del Ministerio de Justicia y Derechos Humanos, Ricardo Mart\u00edn Casares y el Subsecretario de Pol\u00edtica Criminal, Juan Jos\u00e9 Ben\u00edtez.<\/p>\n<p>&nbsp;<\/p>\n<p>En la C\u00e1mara de Diputados a las 14 fue convocada una reuni\u00f3n conjunta de las comisiones de Asuntos Constitucionales y de Legislaci\u00f3n General para abordar el proyecto para regular la \u201cGesti\u00f3n de Intereses\u201d, m\u00e1s conocida como \u201cley de lobby\u201d.<\/p>\n<p>&nbsp;<\/p>\n<p>En el mismo horario, pero en otra sala, las comisiones de Obras P\u00fablicas y la de Peque\u00f1as y Medianas Empresas abordar\u00e1n proyectos presentados por diputados para promover un r\u00e9gimen de Compras del Estado Nacional a los que se sumar\u00e1, se calcula, el proyecto del Poder Ejecutivo que ingres\u00f3 recientemente.\u00a0 La comisi\u00f3n de Asuntos Constitucionales, a las 15, fue citada para considerar un R\u00e9gimen de renovaci\u00f3n y cese de los Magistrados del Poder Judicial y del Ministerio P\u00fablico y un R\u00e9gimen de responsabilidad del Estado y sus funcionarios.<\/p>\n<p>&nbsp;<\/p>\n<p>La comisi\u00f3n de Libertad de Expresi\u00f3n, a su vez, tambi\u00e9n a las 15 se reunir\u00e1 para recibir al director del Sistema Federal de Medios y Contenidos P\u00fablicos, Hern\u00e1n Lombardi; a la directora ejecutiva de Radio Nacional, Ana Gerschenson y al presidente del directorio de Radio y Televisi\u00f3n Argentina S.E., Emilio Laferriere, entre otros.<\/p>\n<p>&nbsp;<\/p>\n<p>El mi\u00e9rcoles la comisi\u00f3n de Prevenci\u00f3n de Adicciones y Control de las Adicciones se reunir\u00e1 a las 10 para tratar un proyecto para declarar la Emergencia Nacional en Adicciones y Drogadependencia en todo el pa\u00eds.<\/p>\n<p>&nbsp;<\/p>\n<p>En tanto, en el Senado el martes a las 14 las comisiones de Presupuesto y Hacienda, de Justicia y Asuntos Penales y de Derechos Humanos y Garant\u00edas har\u00e1n una reuni\u00f3n conjunta en el sal\u00f3n \u201cArturo Illia\u201d para dictaminar sobre un proyecto de ley nacional de Protecci\u00f3n a las V\u00edctimas de Delitos, ya aprobada en Diputados.<\/p>\n<p>&nbsp;<\/p>\n<p>A las 18, la comisi\u00f3n de Cultura y Educaci\u00f3n cit\u00f3 al ministro de Cultura, Alejandro Pablo Avelluto, cuya presencia no estaba confirmada hasta el fin de semana.<\/p>\n","protected":false},"excerpt":{"rendered":"<p>El Jefe de Gabinete, Marcos Pe\u00f1a, volver\u00e1 el mi\u00e9rcoles a informar a Diputados sobre la gesti\u00f3n de Gobierno, en tanto que se anuncian reuniones de comisiones en ambas c\u00e1maras, algunas con la presencia de funcionarios del Poder Ejecutivo &nbsp; &nbsp; &nbsp; &nbsp; &nbsp; Pe\u00f1a hizo una primera presentaci\u00f3n en la C\u00e1mara baja el 22 de marzo y el 25 de abril inform\u00f3 al Senado, con lo que en lo que va del a\u00f1o parlamentario cumpl\u00eda con la obligaci\u00f3n que la Constituci\u00f3n Nacional establece para su cargo. &nbsp; La exposici\u00f3n de&#8230;<\/p>\n","protected":false},"author":3,"featured_media":12165,"comment_status":"closed","ping_status":"closed","sticky":false,"template":"","format":"standard","meta":[],"categories":[18],"tags":[],"_links":{"self":[{"href":"https:\/\/www.actualidadadiario.com\/index.php\/wp-json\/wp\/v2\/posts\/12164"}],"collection":[{"href":"https:\/\/www.actualidadadiario.com\/index.php\/wp-json\/wp\/v2\/posts"}],"about":[{"href":"https:\/\/www.actualidadadiario.com\/index.php\/wp-json\/wp\/v2\/types\/post"}],"author":[{"embeddable":true,"href":"https:\/\/www.actualidadadiario.com\/index.php\/wp-json\/wp\/v2\/users\/3"}],"replies":[{"embeddable":true,"href":"https:\/\/www.actualidadadiario.com\/index.php\/wp-json\/wp\/v2\/comments?post=12164"}],"version-history":[{"count":1,"href":"https:\/\/www.actualidadadiario.com\/index.php\/wp-json\/wp\/v2\/posts\/12164\/revisions"}],"predecessor-version":[{"id":12166,"href":"https:\/\/www.actualidadadiario.com\/index.php\/wp-json\/wp\/v2\/posts\/12164\/revisions\/12166"}],"wp:featuredmedia":[{"embeddable":true,"href":"https:\/\/www.actualidadadiario.com\/index.php\/wp-json\/wp\/v2\/media\/12165"}],"wp:attachment":[{"href":"https:\/\/www.actualidadadiario.com\/index.php\/wp-json\/wp\/v2\/media?parent=12164"}],"wp:term":[{"taxonomy":"category","embeddable":true,"href":"https:\/\/www.actualidadadiario.com\/index.php\/wp-json\/wp\/v2\/categories?post=12164"},{"taxonomy":"post_tag","embeddable":true,"href":"https:\/\/www.actualidadadiario.com\/index.php\/wp-json\/wp\/v2\/tags?post=12164"}],"curies":[{"name":"wp","href":"https:\/\/api.w.org\/{rel}","templated":true}]}}