{"id":12161,"date":"2017-05-29T10:28:55","date_gmt":"2017-05-29T13:28:55","guid":{"rendered":"http:\/\/actualidadadiario.com\/site\/?p=12161"},"modified":"2017-05-29T10:28:55","modified_gmt":"2017-05-29T13:28:55","slug":"ministro-de-defensa-admitio-el-error-historico-grave-con-el-cartel-por-el-25-de-mayo","status":"publish","type":"post","link":"https:\/\/www.actualidadadiario.com\/index.php\/2017\/05\/29\/ministro-de-defensa-admitio-el-error-historico-grave-con-el-cartel-por-el-25-de-mayo\/","title":{"rendered":"Ministro de Defensa admiti\u00f3 el &#8220;error hist\u00f3rico grave&#8221; con el cartel por el 25 de mayo"},"content":{"rendered":"<p><em><strong>El ministro de Defensa, Julio Mart\u00ednez, reconoci\u00f3 que los organizadores del desfile oficial por el 25 de mayo cometieron un &#8220;error hist\u00f3rico grave&#8221; al incluir en el palco oficial una bandera argentina con la inscripci\u00f3n &#8220;1816-2017&#8221;, cuando lo correcto hubiera sido &#8220;1810-2017&#8221;<\/strong><\/em><\/p>\n<p>&nbsp;<\/p>\n<p>&nbsp;<\/p>\n<p>&nbsp;<\/p>\n<p>&nbsp;<\/p>\n<p>Consultado al respecto, Mart\u00ednez minimiz\u00f3 el incidente al se\u00f1alar que se trat\u00f3 de una &#8220;metida de pata&#8221;, pero luego catalog\u00f3 como un &#8220;error hist\u00f3rico grave&#8221; confundir el a\u00f1o de la Declaraci\u00f3n de la Independencia con el de la Revoluci\u00f3n de Mayo.<\/p>\n<p>&nbsp;<\/p>\n<p>Al relatar lo ocurrido el pasado s\u00e1bado, el funcionario macrista asegur\u00f3 que las autoridades advirtieron la falla al comienzo del desfile y la disimularon tapando el 6 con un 0.<\/p>\n<p>&nbsp;<\/p>\n<p>Sin embargo, el remiendo &#8220;se despeg\u00f3 y se cay\u00f3&#8221; sobre el final del evento, quedando al desnudo el &#8220;error hist\u00f3rico&#8221;.<\/p>\n<p>&nbsp;<\/p>\n<p>&#8220;Si ven las fotos al principio del acto estaba 1810 y al final 1816&#8221;, agreg\u00f3.<\/p>\n","protected":false},"excerpt":{"rendered":"<p>El ministro de Defensa, Julio Mart\u00ednez, reconoci\u00f3 que los organizadores del desfile oficial por el 25 de mayo cometieron un &#8220;error hist\u00f3rico grave&#8221; al incluir en el palco oficial una bandera argentina con la inscripci\u00f3n &#8220;1816-2017&#8221;, cuando lo correcto hubiera sido &#8220;1810-2017&#8221; &nbsp; &nbsp; &nbsp; &nbsp; Consultado al respecto, Mart\u00ednez minimiz\u00f3 el incidente al se\u00f1alar que se trat\u00f3 de una &#8220;metida de pata&#8221;, pero luego catalog\u00f3 como un &#8220;error hist\u00f3rico grave&#8221; confundir el a\u00f1o de la Declaraci\u00f3n de la Independencia con el de la Revoluci\u00f3n de Mayo. &nbsp; Al relatar&#8230;<\/p>\n","protected":false},"author":3,"featured_media":12162,"comment_status":"closed","ping_status":"closed","sticky":false,"template":"","format":"standard","meta":[],"categories":[18],"tags":[],"_links":{"self":[{"href":"https:\/\/www.actualidadadiario.com\/index.php\/wp-json\/wp\/v2\/posts\/12161"}],"collection":[{"href":"https:\/\/www.actualidadadiario.com\/index.php\/wp-json\/wp\/v2\/posts"}],"about":[{"href":"https:\/\/www.actualidadadiario.com\/index.php\/wp-json\/wp\/v2\/types\/post"}],"author":[{"embeddable":true,"href":"https:\/\/www.actualidadadiario.com\/index.php\/wp-json\/wp\/v2\/users\/3"}],"replies":[{"embeddable":true,"href":"https:\/\/www.actualidadadiario.com\/index.php\/wp-json\/wp\/v2\/comments?post=12161"}],"version-history":[{"count":1,"href":"https:\/\/www.actualidadadiario.com\/index.php\/wp-json\/wp\/v2\/posts\/12161\/revisions"}],"predecessor-version":[{"id":12163,"href":"https:\/\/www.actualidadadiario.com\/index.php\/wp-json\/wp\/v2\/posts\/12161\/revisions\/12163"}],"wp:featuredmedia":[{"embeddable":true,"href":"https:\/\/www.actualidadadiario.com\/index.php\/wp-json\/wp\/v2\/media\/12162"}],"wp:attachment":[{"href":"https:\/\/www.actualidadadiario.com\/index.php\/wp-json\/wp\/v2\/media?parent=12161"}],"wp:term":[{"taxonomy":"category","embeddable":true,"href":"https:\/\/www.actualidadadiario.com\/index.php\/wp-json\/wp\/v2\/categories?post=12161"},{"taxonomy":"post_tag","embeddable":true,"href":"https:\/\/www.actualidadadiario.com\/index.php\/wp-json\/wp\/v2\/tags?post=12161"}],"curies":[{"name":"wp","href":"https:\/\/api.w.org\/{rel}","templated":true}]}}